{"id":14969,"date":"2020-07-13T08:23:31","date_gmt":"2020-07-13T13:23:31","guid":{"rendered":"http:\/\/www.zonaroja.com.mx\/?p=14969"},"modified":"2020-07-13T08:23:34","modified_gmt":"2020-07-13T13:23:34","slug":"impunes-transportistas-de-catem-sitial-la-capital-de-oaxaca","status":"publish","type":"post","link":"https:\/\/zonaroja.com.mx\/?p=14969","title":{"rendered":"Impunes, transportistas de CATEM sitial la capital de Oaxaca"},"content":{"rendered":"\n<p>Redacci\u00f3n\/Zona\nRoja.<\/p>\n\n\n\n<p>Oaxaca de\nJu\u00e1rez, Oax., 13 de julio de 2020.- La organizaci\u00f3n de transportistas\nConfederaci\u00f3n Aut\u00f3noma de Trabajadores y Empleados de M\u00e9xico (CATEM) retom\u00f3 las\nagresiones a la poblaci\u00f3n, ahora con bloqueos para sitiar la capital de Oaxaca.<\/p>\n\n\n\n<p>Contrario a\nlas declaraciones de sus dirigentes nacional, el senador morenista Pedro Haces\nBarba, y a nivel estatal, el priista Jaime Paz L\u00f3pez, el gremio se mantiene\nimpune y apenas el pasado s\u00e1bado agredieron a un ciudadano y a polic\u00edas\nmunicipales.<\/p>\n\n\n\n<p>Hace casi un\nmes, en la regi\u00f3n del Istmo respondieron con bloqueos y agresiones a las\nmanifestaciones de otros transportistas que exig\u00edan trato igual en las obras\ndel Tren Trans\u00edstmico.<\/p>\n\n\n\n<p>A finales de enero y dirigidos por el propio Paz L\u00f3pez, tambi\u00e9n realizaron diversos cierres de vialidades en la zona metropolitana de la capital, para exigir mayor seguridad e inclusive renuncia de funcionarios del Gobierno del Estado.<\/p>\n\n\n\n<figure class=\"wp-block-embed-twitter wp-block-embed is-type-rich is-provider-twitter\"><div class=\"wp-block-embed__wrapper\">\n<div class=\"twitter-tweet\"><blockquote class=\"twitter-tweet\" data-lang=\"es\"><p lang=\"es\" dir=\"ltr\"><a href=\"https:\/\/twitter.com\/hashtag\/%C3%9AltimoMinuto?src=hash&amp;ref_src=twsrc%5Etfw\">#\u00daltimoMinuto<\/a> <br>Contrario al discurso de su dirigente nacional <a href=\"https:\/\/twitter.com\/PedrohacesO?ref_src=twsrc%5Etfw\">@PedrohacesO<\/a>, <a href=\"https:\/\/twitter.com\/hashtag\/integrantes?src=hash&amp;ref_src=twsrc%5Etfw\">#integrantes<\/a> de <a href=\"https:\/\/twitter.com\/CatemNacional?ref_src=twsrc%5Etfw\">@CatemNacional<\/a> en Oaxaca, azuzados por su representante <a href=\"https:\/\/twitter.com\/MrJamesPaz?ref_src=twsrc%5Etfw\">@MrJamesPaz<\/a>, comienzan m\u00faltiples bloqueos en la capital y zonas aleda\u00f1as, en contra del ayuntamiento del <a href=\"https:\/\/twitter.com\/MunicipioOaxaca?ref_src=twsrc%5Etfw\">@MunicipioOaxaca<\/a>. <a href=\"https:\/\/t.co\/uWySW5MYvz\">pic.twitter.com\/uWySW5MYvz<\/a><\/p>&mdash; Zona Roja Oaxaca (@MexRoja) <a href=\"https:\/\/twitter.com\/MexRoja\/status\/1282638103312834561?ref_src=twsrc%5Etfw\">13 de julio de 2020<\/a><\/blockquote><\/div>\n<\/div><\/figure>\n\n\n\n<p>No obstante,\ntanto a nivel nacional como estatal, ambos dirigentes han declarado que se\nconducen de manera pac\u00edfica y que no afectar\u00e1n m\u00e1s a la poblaci\u00f3n.<\/p>\n\n\n\n<p>Este lunes, bajo\nel argumento de ser v\u00edctimas d la polic\u00eda municipal, desde las seis de la\nma\u00f1ana se comenzaron a concentrar en diversos accesos viales a la capital\noaxaque\u00f1a, as\u00ed como en inmediaciones de la sede del ayuntamiento.<\/p>\n\n\n\n<p>El pasado\ns\u00e1bado alrededor de las 19:30 horas, un taxi sin placas y sin n\u00famero econ\u00f3mico\ny del sitio \u201cTal\u00e1n\u201d de Magdalena Apasco, Etla, choc\u00f3 con un veh\u00edculo\nparticular, sobre la v\u00eda federal 190, crucero del monumento a la Madre.<\/p>\n\n\n\n<p>Tras ello,\nel ruletero pidi\u00f3 auxilio a sus compa\u00f1eros alegando que fue v\u00edctima del choque\ny agredieron al conductor de la unidad particular; elementos de la Polic\u00eda\nMunicipal llegaron al sitio pero tambi\u00e9n fueron golpeados.<\/p>\n\n\n\n<p>Refuerzos de\nuniformados de la capital arribaron a la zona y efectuaron disparos al aire\npara dispersar a los manifestantes, que tras ello realizaron bloqueos en diversos\npuntos viales en la zona poniente as\u00ed como al cuartel municipal.<\/p>\n\n\n\n<p>\u201cSolicitamos a la Fiscal\u00eda General del Estado que realice las investigaciones correspondientes a fin de determinar la responsabilidad de la autoridad municipal de Oaxaca de Ju\u00e1rez, en contra de quien o quienes resulten responsables de haber ordenado el ataque armado haciendo uso de fuerza letal contra civiles, toda vez que fueron los uniformados quienes agredieron y detonaron irresponsablemente sus armas de fuego\u201d, dijo ayer en un comunicado, tras amagar con las movilizaciones.<\/p>\n\n\n\n<figure class=\"wp-block-embed-twitter wp-block-embed is-type-rich is-provider-twitter\"><div class=\"wp-block-embed__wrapper\">\n<div class=\"twitter-tweet\"><blockquote class=\"twitter-tweet\" data-lang=\"es\"><p lang=\"es\" dir=\"ltr\"><a href=\"https:\/\/twitter.com\/hashtag\/%C3%9AltimoMinuto?src=hash&amp;ref_src=twsrc%5Etfw\">#\u00daltimoMinuto<\/a> <br>Tambi\u00e9n en Tlacolula de Matamoros, transportistas bloquean la carretera al municipio de Villa de D\u00edaz Ordaz; ni en la capital ni en esa zona ha intervenido la <a href=\"https:\/\/twitter.com\/SEMOVI_GobOax?ref_src=twsrc%5Etfw\">@SEMOVI_GobOax<\/a>, al utilizarse unidades de motor concesionadas en las protestas. <a href=\"https:\/\/t.co\/eKh8q8UVSW\">pic.twitter.com\/eKh8q8UVSW<\/a><\/p>&mdash; Zona Roja Oaxaca (@MexRoja) <a href=\"https:\/\/twitter.com\/MexRoja\/status\/1282666254445289474?ref_src=twsrc%5Etfw\">13 de julio de 2020<\/a><\/blockquote><\/div>\n<\/div><\/figure>\n\n\n\n<p>Por otra\nparte, en Tlacolula de Matamoros otro gremio de transportistas realiza un\nbloqueo a la carretera al municipio de Villa de D\u00edaz Ordaz, debido a que\nvecinos del fraccionamiento Ciudad Yagul rechazan la entrada de mototaxis.<\/p>\n\n\n\n<p>En tanto, militantes\ndel Frente Oaxaque\u00f1o Popular Estudiantil Campesino se apoderaron de la caseta\nde peaje de Huitzo, a fin de protestar contra la Fiscal\u00eda General del Estado debido\na que consideran que protege a elementos de la Agencia Estatal de\nInvestigaciones que agredieron y robaron a su dirigente.<\/p>\n","protected":false},"excerpt":{"rendered":"<p>Redacci\u00f3n\/Zona Roja. Oaxaca de Ju\u00e1rez, Oax., 13 de julio de 2020.- La organizaci\u00f3n de transportistas&hellip;<\/p>\n","protected":false},"author":2,"featured_media":14970,"comment_status":"closed","ping_status":"open","sticky":false,"template":"","format":"standard","meta":{"_lmt_disableupdate":"","_lmt_disable":"","_jetpack_memberships_contains_paid_content":false,"footnotes":""},"categories":[109,47],"tags":[1069],"class_list":["post-14969","post","type-post","status-publish","format-standard","has-post-thumbnail","hentry","category-minuto-a-minuto","category-zona-gris","tag-confederacion-autonoma-de-trabajadores-y-empleados-de-mexico-catem"],"jetpack_featured_media_url":"https:\/\/zonaroja.com.mx\/wp-content\/uploads\/2020\/07\/Bloqueos-CATEM.jpg","jetpack_sharing_enabled":true,"_links":{"self":[{"href":"https:\/\/zonaroja.com.mx\/index.php?rest_route=\/wp\/v2\/posts\/14969","targetHints":{"allow":["GET"]}}],"collection":[{"href":"https:\/\/zonaroja.com.mx\/index.php?rest_route=\/wp\/v2\/posts"}],"about":[{"href":"https:\/\/zonaroja.com.mx\/index.php?rest_route=\/wp\/v2\/types\/post"}],"author":[{"embeddable":true,"href":"https:\/\/zonaroja.com.mx\/index.php?rest_route=\/wp\/v2\/users\/2"}],"replies":[{"embeddable":true,"href":"https:\/\/zonaroja.com.mx\/index.php?rest_route=%2Fwp%2Fv2%2Fcomments&post=14969"}],"version-history":[{"count":1,"href":"https:\/\/zonaroja.com.mx\/index.php?rest_route=\/wp\/v2\/posts\/14969\/revisions"}],"predecessor-version":[{"id":14971,"href":"https:\/\/zonaroja.com.mx\/index.php?rest_route=\/wp\/v2\/posts\/14969\/revisions\/14971"}],"wp:featuredmedia":[{"embeddable":true,"href":"https:\/\/zonaroja.com.mx\/index.php?rest_route=\/wp\/v2\/media\/14970"}],"wp:attachment":[{"href":"https:\/\/zonaroja.com.mx\/index.php?rest_route=%2Fwp%2Fv2%2Fmedia&parent=14969"}],"wp:term":[{"taxonomy":"category","embeddable":true,"href":"https:\/\/zonaroja.com.mx\/index.php?rest_route=%2Fwp%2Fv2%2Fcategories&post=14969"},{"taxonomy":"post_tag","embeddable":true,"href":"https:\/\/zonaroja.com.mx\/index.php?rest_route=%2Fwp%2Fv2%2Ftags&post=14969"}],"curies":[{"name":"wp","href":"https:\/\/api.w.org\/{rel}","templated":true}]}}