{"id":14972,"date":"2020-07-13T08:57:07","date_gmt":"2020-07-13T13:57:07","guid":{"rendered":"http:\/\/www.zonaroja.com.mx\/?p=14972"},"modified":"2020-07-13T08:57:10","modified_gmt":"2020-07-13T13:57:10","slug":"la-pandemia-y-nuestro-desprecio-por-la-ecologia-en-oaxaca","status":"publish","type":"post","link":"https:\/\/zonaroja.com.mx\/?p=14972","title":{"rendered":"La pandemia y nuestro desprecio por la ecolog\u00eda en Oaxaca"},"content":{"rendered":"\n<p>Ismael\nGarc\u00eda M.\/Zona Roja.<\/p>\n\n\n\n<p>Oaxaca de\nJu\u00e1rez, Oax., 13 de julio de 2020.- La pandemia por Covid-19 revel\u00f3 tambi\u00e9n\nnuestro desprecio por el medio ambiente, lo que ninguna autoridad quiere ver.\nHay una ley, que proh\u00edbe el uso de pl\u00e1sticos y unicel, pero el propio Poder\nEjecutivo se niega a acatarla.<\/p>\n\n\n\n<p>\u00bfY la\nSecretar\u00eda del Medio Ambiente, Energ\u00edas y Desarrollo Sustentable? Duerme, al\nigual que lo hizo con el ataque a las e\u00f3licas; su titular, el juchiteco Samuel Gurri\u00f3n\nMat\u00edas, ni tiene idea de la ecolog\u00eda ni de protecci\u00f3n al ambiente ni de nada;\nel confinamiento s\u00f3lo le ha servido para descansar por m\u00e1s de tres meses.<\/p>\n\n\n\n<p>De\nacuerdo con datos del Poder Legislativo, fue el mi\u00e9rcoles 10 de abril del 2019\nen que el Congreso de Oaxaca aprob\u00f3 una iniciativa del diputado Horacio Sosa,\nde Morena, en que se efectuaron diversas reformas y adiciones a la Ley para la\nPrevenci\u00f3n y Gesti\u00f3n Integral de los Residuos S\u00f3lidos.<\/p>\n\n\n\n<p>Dicha\nnormatividad proh\u00edbe en todo el estado la venta, distribuci\u00f3n o uso de botellas\ndesechables de pl\u00e1stico, as\u00ed como de envases y embalajes desechables de unicel,\ncon el fin de prevenir la contaminaci\u00f3n ambiental que generan esos materiales.<\/p>\n\n\n\n<p>Seg\u00fan el\ndecreto original, entrar\u00eda en vigor el pasado 22 de diciembre para las grandes y\nmedianas empresas que comercialicen directamente al consumidor final, as\u00ed como\nlas empresas de cualquier tama\u00f1o que distribuyan antes de su venta al\nconsumidor final productos con envases desechables de PET, o de unicel.<\/p>\n\n\n\n<p>Sin\nembargo, distintas c\u00e1maras de comercio y agrupaciones de industriales se\nacercaron al Congreso del Estado, inicialmente en la b\u00fasqueda de una\ncontrarreforma y posteriormente para manifestar su voluntad de cumplir\ncabalmente con la norma, pero solicitando una pr\u00f3rroga para ello, por considerar\ninsuficiente el periodo de gracia de seis meses previsto en el decreto\noriginal.<\/p>\n\n\n\n<p>Fueron\nprincipalmente las compa\u00f1\u00edas Coca-Cola y Pepsi-Cola las que se opusieron e\nincluso intentaron sobornar a algunos legisladores para echar abajo el nuevo\nordenamiento.<\/p>\n\n\n\n<p>De\nacuerdo con el Poder Legislativo, con fecha 8 de enero del 2020, el Congreso\naprob\u00f3 una ampliaci\u00f3n de seis meses al plazo inicial para que las grandes y\nmedianas empresas pudieran terminar con el total de producto que manten\u00edan en\ninventario. <\/p>\n\n\n\n<p>Esta\niniciativa cont\u00f3 con el apoyo del conjunto del Poder Legislativo y fue aprobada\ncomo asunto de urgente y obvia resoluci\u00f3n por la totalidad de los diputados\npresentes, de los distintos grupos parlamentarios.<\/p>\n\n\n\n<p>Sin\nembargo, seg\u00fan se tiene conocimiento, hasta finales de junio el Gobierno del\nEstado no hab\u00eda publicado el decreto en el Peri\u00f3dico Oficial del Estado, por lo\nque formalmente no ha comenzado a correr el plazo de la ampliaci\u00f3n.<\/p>\n\n\n\n<p>Por lo\ntanto, est\u00e1 vigente el decreto anterior en donde se establece que el plazo para\nlas grandes y medianas empresas feneci\u00f3 el 22 de diciembre.<\/p>\n\n\n\n<p>Pero ni\nen ese ni en ning\u00fan caso ha actuado el Poder Ejecutivo; por el contrario,\ntolera y promueve el uso de los pl\u00e1sticos. <\/p>\n\n\n\n<p>Un\nejemplo claro y reciente es la distribuci\u00f3n de despensas del DIF Oaxaca en\nbolsas de pl\u00e1stico, con logotipo de la instituci\u00f3n que preside Ivette Mor\u00e1n de\nMurat.<\/p>\n\n\n\n<p>En la\nactual pandemia, el uso del pl\u00e1stico tambi\u00e9n se ha incrementado, en la\ndistribuci\u00f3n de alimentos v\u00eda repartidores en motocicleta, y nadie dice nada.<\/p>\n\n\n\n<p>Al inicio\nde este sexenio se cre\u00f3 la Semaedeso, primero encabezada por el empresario\ncafetalero Jos\u00e9 Luis Calvo Ziga, que nada hizo por el medio ambiente.<\/p>\n\n\n\n<p>Su\nprioridad fue sus relaciones con los empresarios a nivel nacional y algunas\nacciones a favor de las compa\u00f1\u00edas e\u00f3licas.<\/p>\n\n\n\n<p>Hace un\na\u00f1o y un mes, Samuel Gurri\u00f3n, distinguido m\u00e1s por su veleidad pol\u00edtica y las\nsuperficialidades, lo \u00fanico que ha hizo en unas semanas fue regalar recipientes\nde pl\u00e1stico para reciclar la basura, y para lo cual hac\u00eda actos proselitistas\nen cada entrega.<\/p>\n\n\n\n<p>Mientras\ntanto, nadie ve ni atiende la grave contaminaci\u00f3n de las ladrilleras en la zona\nde la capital; nadie ve ni atiende la grave poluci\u00f3n en los r\u00edos \u201cAtoyac\u201d y \u201cSalado\u201d\nque atraviesan la ciudad, pese a un juicio de amparo; nadie ve ni atiende la\ngrave contaminaci\u00f3n y saturaci\u00f3n del relleno sanitario ubicado en jurisdicci\u00f3n\nde la Villa de Zaachila.<\/p>\n\n\n\n<p>En el\ntema de la ley contra los pl\u00e1sticos, el Poder Legislativo considera que\nretrasar la publicaci\u00f3n del decreto para publicar las reformas a dicha norma,\nes una argucia para prolongar la pr\u00f3rroga y contabilizar los seis meses hasta\nque haga oficial la publicaci\u00f3n.<\/p>\n\n\n\n<p>&nbsp;\u201cEste\nhecho muestra claramente el contubernio&nbsp;entre el Gobierno del Estado y la\nindustria de los refrescos y alimentos envasados, y deja claro que el gobierno no\nvela por los intereses de la ciudadan\u00eda oaxaque\u00f1a, sino por el dinero de los\ngrandes capitales\u201d, ha dicho la diputada morenista Legisladora Magaly L\u00f3pez. <\/p>\n\n\n\n<p>Incluso\nha amagado con que se deje sin efecto la publicaci\u00f3n del decreto 1188, del 8 de\nenero de 2020, con el que se otorgar\u00eda la pr\u00f3rroga de seis meses a las\nempresas.<\/p>\n\n\n\n<p>Pero al\ngobierno de Oaxaca no le interesa en absoluto el medio ambiente.<\/p>\n","protected":false},"excerpt":{"rendered":"<p>Ismael Garc\u00eda M.\/Zona Roja. Oaxaca de Ju\u00e1rez, Oax., 13 de julio de 2020.- La pandemia&hellip;<\/p>\n","protected":false},"author":2,"featured_media":7610,"comment_status":"closed","ping_status":"open","sticky":false,"template":"","format":"standard","meta":{"_lmt_disableupdate":"","_lmt_disable":"","_jetpack_memberships_contains_paid_content":false,"footnotes":""},"categories":[456,109,48],"tags":[1353],"class_list":["post-14972","post","type-post","status-publish","format-standard","has-post-thumbnail","hentry","category-columna","category-minuto-a-minuto","category-zona-critica","tag-opinion-zona-critica"],"jetpack_featured_media_url":"https:\/\/zonaroja.com.mx\/wp-content\/uploads\/2020\/01\/Opini\u00f3n-Zona-Cr\u00edtica.jpg","jetpack_sharing_enabled":true,"_links":{"self":[{"href":"https:\/\/zonaroja.com.mx\/index.php?rest_route=\/wp\/v2\/posts\/14972","targetHints":{"allow":["GET"]}}],"collection":[{"href":"https:\/\/zonaroja.com.mx\/index.php?rest_route=\/wp\/v2\/posts"}],"about":[{"href":"https:\/\/zonaroja.com.mx\/index.php?rest_route=\/wp\/v2\/types\/post"}],"author":[{"embeddable":true,"href":"https:\/\/zonaroja.com.mx\/index.php?rest_route=\/wp\/v2\/users\/2"}],"replies":[{"embeddable":true,"href":"https:\/\/zonaroja.com.mx\/index.php?rest_route=%2Fwp%2Fv2%2Fcomments&post=14972"}],"version-history":[{"count":1,"href":"https:\/\/zonaroja.com.mx\/index.php?rest_route=\/wp\/v2\/posts\/14972\/revisions"}],"predecessor-version":[{"id":14973,"href":"https:\/\/zonaroja.com.mx\/index.php?rest_route=\/wp\/v2\/posts\/14972\/revisions\/14973"}],"wp:featuredmedia":[{"embeddable":true,"href":"https:\/\/zonaroja.com.mx\/index.php?rest_route=\/wp\/v2\/media\/7610"}],"wp:attachment":[{"href":"https:\/\/zonaroja.com.mx\/index.php?rest_route=%2Fwp%2Fv2%2Fmedia&parent=14972"}],"wp:term":[{"taxonomy":"category","embeddable":true,"href":"https:\/\/zonaroja.com.mx\/index.php?rest_route=%2Fwp%2Fv2%2Fcategories&post=14972"},{"taxonomy":"post_tag","embeddable":true,"href":"https:\/\/zonaroja.com.mx\/index.php?rest_route=%2Fwp%2Fv2%2Ftags&post=14972"}],"curies":[{"name":"wp","href":"https:\/\/api.w.org\/{rel}","templated":true}]}}