{"id":14974,"date":"2020-07-13T12:38:03","date_gmt":"2020-07-13T17:38:03","guid":{"rendered":"http:\/\/www.zonaroja.com.mx\/?p=14974"},"modified":"2020-07-13T12:38:06","modified_gmt":"2020-07-13T17:38:06","slug":"piden-justicia-por-detencion-arbitraria-y-tortura-por-parte-de-elementos-de-aei","status":"publish","type":"post","link":"https:\/\/zonaroja.com.mx\/?p=14974","title":{"rendered":"Piden justicia por detenci\u00f3n arbitraria y tortura por parte de elementos de AEI"},"content":{"rendered":"\n<p>Evlin\nArag\u00f3n\/Zona Roja.<\/p>\n\n\n\n<p>Oaxaca de\nJu\u00e1rez, Oax., 13 de julio de 2020.- Integrantes del Frente Oaxaque\u00f1o Popular\nEstudiantil Campesino se manifestaron este lunes a las afuera de Palacio de\nGobierno de Oaxaca para reiterar su denuncia por la detenci\u00f3n arbitraria y\nactos tortura cometidos por elementos de la Agencia Estatal de Investigaciones\nen contra de Esteban Rinc\u00f3n Revilla.<\/p>\n\n\n\n<p>As\u00ed lo volvi\u00f3\na exponer el propio afectado y dirigente de la organizaci\u00f3n, ante los medios de\ncomunicaci\u00f3n, en donde explic\u00f3 que en d\u00edas recientes fue \u201clevantado\u00bb por\nelementos de la AEI que en ning\u00fan momento se identificaron como tal y por el\ncontrario se hicieron pasar por un cartel para causar terror en el detenido.<\/p>\n\n\n\n<p>De\nacuerdo con el testimonio, luego de su detenci\u00f3n arbitraria fue trasladado a\nlas instalaciones de la AEI ubicadas en La Experimental, San Antonio de la Cal,\ndonde fue torturado para obtener informaci\u00f3n de personas que no conoce,\nmientras que otro grupo saque\u00f3 su domicilio de donde robaron art\u00edculos\npersonales y dinero en efectivo que previamente solicit\u00f3 en un pr\u00e9stamo.<\/p>\n\n\n\n<p>\u201cMe\nquieren involucrar, quiero suponer que en un tipo de secuestro o algo as\u00ed\nporque me preguntaban por una persona, me dec\u00edan que a donde la ten\u00eda yo, que\nya me ven\u00edan siguiendo desde hace dos a\u00f1os, sin embargo al momento de llevarme\nno me presentaron ni una orden de presentaci\u00f3n, eso fue vilmente planeado\u201d,\nexplic\u00f3.<\/p>\n\n\n\n<p>Por lo anterior insisti\u00f3 en una mesa de di\u00e1logo con la Secretar\u00eda General de Gobierno y la Fiscal\u00eda General del Estado para aclarar la situaci\u00f3n y sancionar a los responsables de los hechos ya que hasta la fecha ha recibido llamadas desde n\u00fameros privados con amenazas para que retire las denuncias.<\/p>\n\n\n\n<figure class=\"wp-block-embed-twitter wp-block-embed is-type-rich is-provider-twitter\"><div class=\"wp-block-embed__wrapper\">\n<div class=\"twitter-tweet\"><blockquote class=\"twitter-tweet\" data-lang=\"es\"><p lang=\"es\" dir=\"ltr\"><a href=\"https:\/\/twitter.com\/hashtag\/%C3%9AltimoMinuto?src=hash&amp;ref_src=twsrc%5Etfw\">#\u00daltimoMinuto<\/a> <br>La tercera protesta del d\u00eda es en el exterior Palacio de Gobierno; el dirigente del Frente Oaxaque\u00f1o Popular Estudiantil Campesino (FOPEC) insiste en qu\u00e9 hay nula atenci\u00f3n de la <a href=\"https:\/\/twitter.com\/FISCALIA_GobOax?ref_src=twsrc%5Etfw\">@FISCALIA_GobOax<\/a> a su demanda de justicia. <a href=\"https:\/\/t.co\/MnwE4SAGsz\">pic.twitter.com\/MnwE4SAGsz<\/a><\/p>&mdash; Zona Roja Oaxaca (@MexRoja) <a href=\"https:\/\/twitter.com\/MexRoja\/status\/1282694911129722882?ref_src=twsrc%5Etfw\">13 de julio de 2020<\/a><\/blockquote><\/div>\n<\/div><\/figure>\n\n\n\n<p>\u201cQuisiera\ncreer que se trata de una intimidaci\u00f3n por la labor que hace la organizaci\u00f3n,\nsin embargo, se trata de delitos graves en lo que me quieren involucrar, por\neso me siento agredido, intimidado y con miedo\u201d, refiri\u00f3.<\/p>\n\n\n\n<p>Finalmente\nexplic\u00f3 que ha presentado su denuncia ante la Defensor\u00eda de los Derecho Humano\ndel Pueblo de Oaxaca, \u00fanica instancia que lo ha respaldado hasta el momento,\nmientras que Fiscal\u00eda lejos tomar en serio los hechos, ignora, dilata y encubre\na sus agentes.<\/p>\n\n\n\n<p>Por la\nma\u00f1ana acudieron a la caseta de peaje en Huitzo, de la supercarretera\nOaxaca-M\u00e9xico, para cobrar cuotas propias; al no lograr su prop\u00f3sito, dieron su\nconferencia de prensa en el z\u00f3calo capitalino.<\/p>\n\n\n\n<p>Tras ello\nde nuevo regresaron a la caseta de Huitzo, pero les impidieron realizar su\nacci\u00f3n, por lo cual retornaron a la capital.<\/p>\n","protected":false},"excerpt":{"rendered":"<p>Evlin Arag\u00f3n\/Zona Roja. Oaxaca de Ju\u00e1rez, Oax., 13 de julio de 2020.- Integrantes del Frente&hellip;<\/p>\n","protected":false},"author":2,"featured_media":14975,"comment_status":"closed","ping_status":"open","sticky":false,"template":"","format":"standard","meta":{"_lmt_disableupdate":"","_lmt_disable":"","_jetpack_memberships_contains_paid_content":false,"footnotes":""},"categories":[109,47],"tags":[1826],"class_list":["post-14974","post","type-post","status-publish","format-standard","has-post-thumbnail","hentry","category-minuto-a-minuto","category-zona-gris","tag-frente-oaxaqueno-popular-estudiantil-campesino"],"jetpack_featured_media_url":"https:\/\/zonaroja.com.mx\/wp-content\/uploads\/2020\/07\/18bf9866-f10e-4776-8f8b-a665a968cd41.jpg","jetpack_sharing_enabled":true,"_links":{"self":[{"href":"https:\/\/zonaroja.com.mx\/index.php?rest_route=\/wp\/v2\/posts\/14974","targetHints":{"allow":["GET"]}}],"collection":[{"href":"https:\/\/zonaroja.com.mx\/index.php?rest_route=\/wp\/v2\/posts"}],"about":[{"href":"https:\/\/zonaroja.com.mx\/index.php?rest_route=\/wp\/v2\/types\/post"}],"author":[{"embeddable":true,"href":"https:\/\/zonaroja.com.mx\/index.php?rest_route=\/wp\/v2\/users\/2"}],"replies":[{"embeddable":true,"href":"https:\/\/zonaroja.com.mx\/index.php?rest_route=%2Fwp%2Fv2%2Fcomments&post=14974"}],"version-history":[{"count":1,"href":"https:\/\/zonaroja.com.mx\/index.php?rest_route=\/wp\/v2\/posts\/14974\/revisions"}],"predecessor-version":[{"id":14976,"href":"https:\/\/zonaroja.com.mx\/index.php?rest_route=\/wp\/v2\/posts\/14974\/revisions\/14976"}],"wp:featuredmedia":[{"embeddable":true,"href":"https:\/\/zonaroja.com.mx\/index.php?rest_route=\/wp\/v2\/media\/14975"}],"wp:attachment":[{"href":"https:\/\/zonaroja.com.mx\/index.php?rest_route=%2Fwp%2Fv2%2Fmedia&parent=14974"}],"wp:term":[{"taxonomy":"category","embeddable":true,"href":"https:\/\/zonaroja.com.mx\/index.php?rest_route=%2Fwp%2Fv2%2Fcategories&post=14974"},{"taxonomy":"post_tag","embeddable":true,"href":"https:\/\/zonaroja.com.mx\/index.php?rest_route=%2Fwp%2Fv2%2Ftags&post=14974"}],"curies":[{"name":"wp","href":"https:\/\/api.w.org\/{rel}","templated":true}]}}