{"id":14977,"date":"2020-07-13T14:27:54","date_gmt":"2020-07-13T19:27:54","guid":{"rendered":"http:\/\/www.zonaroja.com.mx\/?p=14977"},"modified":"2020-07-13T14:27:57","modified_gmt":"2020-07-13T19:27:57","slug":"en-laboratorio-de-salud-publica-de-los-sso-hay-nueve-contagiados-por-covid","status":"publish","type":"post","link":"https:\/\/zonaroja.com.mx\/?p=14977","title":{"rendered":"En Laboratorio de Salud P\u00fablica de los SSO hay nueve contagiados por Covid"},"content":{"rendered":"\n<p>Redacci\u00f3n\/Zona\nRoja.<\/p>\n\n\n\n<p>Oaxaca de\nJu\u00e1rez, Oax., 13 de julio de 2020.- En el Laboratorio Estatal de Salud P\u00fablica\n(LESPO), dependiente de los Servicios de Salud de Oaxaca (SSO), tambi\u00e9n hay\npersonal contagiado por Covid-19, por lo cual cerr\u00f3 sus puertas.<\/p>\n\n\n\n<p>La dependencia\ngubernamental inform\u00f3 que luego de que un trabajador del LESPO saliera positivo\na la prueba del virus el pasado 30 de junio, \u201cse realiz\u00f3 un tamizaje para la\nb\u00fasqueda intencionada de casos en el laboratorio, por lo que en el operativo se\ndetect\u00f3 a nueve especialistas con la enfermedad, el \u00faltimo caso presentado se\nnotific\u00f3 el pasado 7 de julio\u201d.<\/p>\n\n\n\n<p>Dicho\nLaboratorio es la instituci\u00f3n oficial facultada para realizar y procesar\npruebas de Covid-19, por lo cual ahora los casos que reciba o tenga pendientes,\nlos env\u00eda al Instituto de Diagn\u00f3stico y Referencia Epidemiol\u00f3gicos (Indre), con\nsede en la Ciudad de M\u00e9xico.<\/p>\n\n\n\n<p>En un\ncomunicado, los SSO precisaron que el equipo laboratorista estar\u00e1 con\nvigilancia m\u00e9dica estricta, \u201cpara evitar la propagaci\u00f3n del virus y\nsalvaguardar el bienestar de las y los dem\u00e1s empleados y sus familias\u201d.<\/p>\n\n\n\n<p>Por ello,\na partir del 13 de julio, la detecci\u00f3n del virus de todas las muestras que\ncumplan con la definici\u00f3n operacional de caso sospechoso se enviar\u00e1n al Indre\npara su procesamiento y an\u00e1lisis.<\/p>\n\n\n\n<p>En tanto,\nel Indre capacita a personal de laboratorio reci\u00e9n contratado y se incorporar\u00e1 una\nvez que concluya exitosamente su capacitaci\u00f3n adecuada de la implementaci\u00f3n de\nla t\u00e9cnica certificada.<\/p>\n\n\n\n<p>Expusieron\nque el adiestramiento consiste en un entrenamiento pr\u00e1ctico sobre los\nlineamientos establecidos por la Organizaci\u00f3n Mundial de la Salud (OMS), para\ngarantizar la detecci\u00f3n de casos positivos o descartarlos en menor tiempo\nposible, con los m\u00e1s altos est\u00e1ndares de calidad, seguridad y bajo las normas\nestablecidas a nivel federal y mundial.<\/p>\n","protected":false},"excerpt":{"rendered":"<p>Redacci\u00f3n\/Zona Roja. Oaxaca de Ju\u00e1rez, Oax., 13 de julio de 2020.- En el Laboratorio Estatal&hellip;<\/p>\n","protected":false},"author":2,"featured_media":14978,"comment_status":"closed","ping_status":"open","sticky":false,"template":"","format":"standard","meta":{"_lmt_disableupdate":"","_lmt_disable":"","_jetpack_memberships_contains_paid_content":false,"footnotes":""},"categories":[109,47],"tags":[1512,1827],"class_list":["post-14977","post","type-post","status-publish","format-standard","has-post-thumbnail","hentry","category-minuto-a-minuto","category-zona-gris","tag-coronavirus-oaxaca","tag-laboratorio-estatal-de-salud-publica-de-oaxaca-lespo"],"jetpack_featured_media_url":"https:\/\/zonaroja.com.mx\/wp-content\/uploads\/2020\/07\/Laboratorio-Estatal-de-Salud-P\u00fablica-Oaxaca.jpg","jetpack_sharing_enabled":true,"_links":{"self":[{"href":"https:\/\/zonaroja.com.mx\/index.php?rest_route=\/wp\/v2\/posts\/14977","targetHints":{"allow":["GET"]}}],"collection":[{"href":"https:\/\/zonaroja.com.mx\/index.php?rest_route=\/wp\/v2\/posts"}],"about":[{"href":"https:\/\/zonaroja.com.mx\/index.php?rest_route=\/wp\/v2\/types\/post"}],"author":[{"embeddable":true,"href":"https:\/\/zonaroja.com.mx\/index.php?rest_route=\/wp\/v2\/users\/2"}],"replies":[{"embeddable":true,"href":"https:\/\/zonaroja.com.mx\/index.php?rest_route=%2Fwp%2Fv2%2Fcomments&post=14977"}],"version-history":[{"count":1,"href":"https:\/\/zonaroja.com.mx\/index.php?rest_route=\/wp\/v2\/posts\/14977\/revisions"}],"predecessor-version":[{"id":14979,"href":"https:\/\/zonaroja.com.mx\/index.php?rest_route=\/wp\/v2\/posts\/14977\/revisions\/14979"}],"wp:featuredmedia":[{"embeddable":true,"href":"https:\/\/zonaroja.com.mx\/index.php?rest_route=\/wp\/v2\/media\/14978"}],"wp:attachment":[{"href":"https:\/\/zonaroja.com.mx\/index.php?rest_route=%2Fwp%2Fv2%2Fmedia&parent=14977"}],"wp:term":[{"taxonomy":"category","embeddable":true,"href":"https:\/\/zonaroja.com.mx\/index.php?rest_route=%2Fwp%2Fv2%2Fcategories&post=14977"},{"taxonomy":"post_tag","embeddable":true,"href":"https:\/\/zonaroja.com.mx\/index.php?rest_route=%2Fwp%2Fv2%2Ftags&post=14977"}],"curies":[{"name":"wp","href":"https:\/\/api.w.org\/{rel}","templated":true}]}}