{"id":14991,"date":"2020-07-13T19:38:42","date_gmt":"2020-07-14T00:38:42","guid":{"rendered":"http:\/\/www.zonaroja.com.mx\/?p=14991"},"modified":"2020-07-13T19:38:44","modified_gmt":"2020-07-14T00:38:44","slug":"primera-semana-de-nueva-normalidad-en-oaxaca-deja-casi-mil-200-nuevos-casos","status":"publish","type":"post","link":"https:\/\/zonaroja.com.mx\/?p=14991","title":{"rendered":"Primera semana de \u201cnueva normalidad\u201d en Oaxaca deja casi mil 200 nuevos casos"},"content":{"rendered":"\n<p>Yuridiana\nSosa\/Zona Roja.<\/p>\n\n\n\n<p>Oaxaca de\nJu\u00e1rez, Oax., 13 de julio de 2020.- La reactivaci\u00f3n de comercios, el\nrelajamiento en medidas de sanidad y la instalaci\u00f3n de puestos ambulantes, son\nparte de la \u201cnueva normalidad\u201d que inici\u00f3 el lunes en Oaxaca y que en el\ntranscurso de una semana dej\u00f3 305 nuevos casos tan s\u00f3lo en la capital.<\/p>\n\n\n\n<p>De\nacuerdo con cifras de los Servicios de Salud de Oaxaca, la entidad cerr\u00f3 este\ndomingo &#8211;la primera semana de cambio de sem\u00e1foro epidemiol\u00f3gico de rojo a\nnaranja&#8211; con un acumulado de siete mil 736 casos positivos a Covid-19 y 736\ndecesos.<\/p>\n\n\n\n<p>Los\nn\u00fameros muestran que, en el transcurso de lunes a domingo, dentro del esquema\nde la \u201cnueva normalidad\u201d se registraron mil 193 nuevos casos y 74 defunciones. <\/p>\n\n\n\n<p>Fueron\nentre los d\u00edas mi\u00e9rcoles y jueves cuando se tuvo un repunte significativo en\nlas cifras a nivel estatal, las cuales no lograron descender de los 92 nuevos\ncasos por d\u00eda.<\/p>\n\n\n\n<p>Las\nestad\u00edsticas precisan que el lunes se reportaron 92 nuevos casos al igual que\nel martes, distribuidos en 32 y 31 municipios, respectivamente.<\/p>\n\n\n\n<p>El\nmi\u00e9rcoles la Secretar\u00eda de Salud de Oaxaca dio a conocer de 289 nuevos casos\ndispersos en 63 municipios con nuevos casos y las muertes crecieron con 12 m\u00e1s\npara alcanzar las 682; pero el jueves la cifra aument\u00f3 a 304 nuevos positivos\nen 59 municipios y las defunciones tambi\u00e9n se elevaron con 18 nuevos casos.<\/p>\n\n\n\n<p>Durante\nel reporte del viernes la cifra de nuevos positivo sigui\u00f3 en aumento. Se\nregistraron 210 m\u00e1s y 14 defunciones; el s\u00e1bado otros 171 nuevos contagios y 15\nmuertes m\u00e1s. Para este 12 de julio se dio a conocer de 127 nuevos casos en 45\nmunicipios y siete decesos.<\/p>\n\n\n\n<p>CAPITAL\nDE POSITIVOS<\/p>\n\n\n\n<p>La \u201cnueva\nnormalidad\u201d en Oaxaca de Ju\u00e1rez, bajo la luz naranja del sem\u00e1foro\nepidemiol\u00f3gico, se torn\u00f3 en un llamado a la movilidad.<\/p>\n\n\n\n<p>Decenas\nde establecimientos reactivaron sus labores, fortaleci\u00e9ndose de una ciudadan\u00eda\ndeseosa de hacer suyas las calles; ambulantes abarrotando las banquetas y un\ntransporte p\u00fablico que nunca logr\u00f3 acatar las medidas de prevenci\u00f3n.<\/p>\n\n\n\n<p>Es Oaxaca\nde Ju\u00e1rez la ciudad, por el n\u00famero de habitantes, que m\u00e1s casos registra\ndurante la pandemia y que con la nueva normalidad increment\u00f3 sus cifras.<\/p>\n\n\n\n<p>El lunes\n6 de julio el corte de SSO indic\u00f3 25 nuevos casos positivos; el martes uno m\u00e1s,\npero el mi\u00e9rcoles los 83 nuevos casos para la capital representaron el 28.7 por\nciento de los registrados en el repunte para la entidad.<\/p>\n\n\n\n<p>Para el\njueves, la cifra tambi\u00e9n fue alta, 63 nuevos casos; viernes 62, s\u00e1bado 22 y\ndomingo 24 nuevos positivos.<\/p>\n\n\n\n<p>En sus\nmunicipios conurbados, con los que tienen mayor relaci\u00f3n, como es Santa Luc\u00eda\ndel Camino y Santa Cruz Xoxocotl\u00e1n los casos acumulados en la semana fueron de\n44 y 75 respectivamente.<\/p>\n\n\n\n<p>Este lunes 13  de julio, la segunda semana de la nueva normalidad en la capital comienza con la instalaci\u00f3n de nuevos puestos ambulantes sobre el Andador Tur\u00edstico Macedonio Alcal\u00e1 y la Alameda de Le\u00f3n, as\u00ed como  protesta de transportistas afiliados a CATEM, con bloqueos a vialidades, que duraron unas 10 horas.<\/p>\n","protected":false},"excerpt":{"rendered":"<p>Yuridiana Sosa\/Zona Roja. Oaxaca de Ju\u00e1rez, Oax., 13 de julio de 2020.- La reactivaci\u00f3n de&hellip;<\/p>\n","protected":false},"author":2,"featured_media":14992,"comment_status":"closed","ping_status":"open","sticky":false,"template":"","format":"standard","meta":{"_lmt_disableupdate":"","_lmt_disable":"","_jetpack_memberships_contains_paid_content":false,"footnotes":""},"categories":[109,47],"tags":[1512],"class_list":["post-14991","post","type-post","status-publish","format-standard","has-post-thumbnail","hentry","category-minuto-a-minuto","category-zona-gris","tag-coronavirus-oaxaca"],"jetpack_featured_media_url":"https:\/\/zonaroja.com.mx\/wp-content\/uploads\/2020\/07\/Coronavirus-Oaxaca-4.png","jetpack_sharing_enabled":true,"_links":{"self":[{"href":"https:\/\/zonaroja.com.mx\/index.php?rest_route=\/wp\/v2\/posts\/14991","targetHints":{"allow":["GET"]}}],"collection":[{"href":"https:\/\/zonaroja.com.mx\/index.php?rest_route=\/wp\/v2\/posts"}],"about":[{"href":"https:\/\/zonaroja.com.mx\/index.php?rest_route=\/wp\/v2\/types\/post"}],"author":[{"embeddable":true,"href":"https:\/\/zonaroja.com.mx\/index.php?rest_route=\/wp\/v2\/users\/2"}],"replies":[{"embeddable":true,"href":"https:\/\/zonaroja.com.mx\/index.php?rest_route=%2Fwp%2Fv2%2Fcomments&post=14991"}],"version-history":[{"count":1,"href":"https:\/\/zonaroja.com.mx\/index.php?rest_route=\/wp\/v2\/posts\/14991\/revisions"}],"predecessor-version":[{"id":14993,"href":"https:\/\/zonaroja.com.mx\/index.php?rest_route=\/wp\/v2\/posts\/14991\/revisions\/14993"}],"wp:featuredmedia":[{"embeddable":true,"href":"https:\/\/zonaroja.com.mx\/index.php?rest_route=\/wp\/v2\/media\/14992"}],"wp:attachment":[{"href":"https:\/\/zonaroja.com.mx\/index.php?rest_route=%2Fwp%2Fv2%2Fmedia&parent=14991"}],"wp:term":[{"taxonomy":"category","embeddable":true,"href":"https:\/\/zonaroja.com.mx\/index.php?rest_route=%2Fwp%2Fv2%2Fcategories&post=14991"},{"taxonomy":"post_tag","embeddable":true,"href":"https:\/\/zonaroja.com.mx\/index.php?rest_route=%2Fwp%2Fv2%2Ftags&post=14991"}],"curies":[{"name":"wp","href":"https:\/\/api.w.org\/{rel}","templated":true}]}}