{"id":14994,"date":"2020-07-13T21:03:59","date_gmt":"2020-07-14T02:03:59","guid":{"rendered":"http:\/\/www.zonaroja.com.mx\/?p=14994"},"modified":"2020-07-13T21:04:35","modified_gmt":"2020-07-14T02:04:35","slug":"suman-146-los-migrantes-oaxaquenos-fallecidos-por-covid-19-en-eu","status":"publish","type":"post","link":"https:\/\/zonaroja.com.mx\/?p=14994","title":{"rendered":"Suman 146 los migrantes oaxaque\u00f1os fallecidos por Covid-19 en EU"},"content":{"rendered":"\n<p>Redacci\u00f3n\/Zona\nRoja.<\/p>\n\n\n\n<p>Oaxaca de\nJu\u00e1rez, Oax., 13 de julio de 2020.- Al corte del 13 de julio, se tiene un\nregistro oficial de 146 migrantes oaxaque\u00f1os fallecidos en los Estados Unidos de\nNorteam\u00e9rica a causa del Covid-19.<\/p>\n\n\n\n<p>El Instituto\nOaxaque\u00f1o de Atenci\u00f3n al Migrante (IOAM) dio a conocer lo anterior con base en\nla informaci\u00f3n recibida por la Secretar\u00eda de Relaciones Exteriores (SRE). <\/p>\n\n\n\n<p>La\ndirectora general del IOAM, A\u00edda Ruiz Garc\u00eda, detall\u00f3 que son mil 705 los mexicanos\nque lamentablemente han perdido la vida en la Uni\u00f3n Americana por esta\ncontingencia, siendo el estado de Puebla el de mayor afectaci\u00f3n con 509 y\nGuerrero con 180 ciudadanos fallecidos, respectivamente.<\/p>\n\n\n\n<p>En un\ncomunicado de prensa, se\u00f1al\u00f3 que, por indicaciones del gobernador Alejandro\nMurat Hinojosa, el IOAM, brinda en todo momento el acompa\u00f1amiento a las\nfamilias de los migrantes afectados, as\u00ed como la asesor\u00eda legal y principalmente\nel costo al 100 por ciento del traslado de la Ciudad de M\u00e9xico a su comunidad\nde origen.<\/p>\n\n\n\n<p>Apunt\u00f3,\nque en lo que va de este a\u00f1o, el IOAM ha gestionado la repatriaci\u00f3n de 134\nrestos mortuorios, 27 de ellos siendo COVID-19 la causa de fallecimiento.<\/p>\n\n\n\n<p>Finalmente,\nRuiz Garc\u00eda comparti\u00f3 los medios para quien solicite el apoyo o asesor\u00eda\ndurante esta contingencia: correo: ioam.juridico.2004@gmail.com y n\u00famero 951\n127 5499 para brindar asesor\u00eda jur\u00eddica y para el servicio de traslado de\nrestos mortuorios a trav\u00e9s del correo: ioam.traslados20@gmail.com, o bien, en\nel n\u00famero telef\u00f3nico 951 242 51 14.<\/p>\n","protected":false},"excerpt":{"rendered":"<p>Redacci\u00f3n\/Zona Roja. Oaxaca de Ju\u00e1rez, Oax., 13 de julio de 2020.- Al corte del 13&hellip;<\/p>\n","protected":false},"author":2,"featured_media":14995,"comment_status":"closed","ping_status":"open","sticky":false,"template":"","format":"standard","meta":{"_lmt_disableupdate":"","_lmt_disable":"","_jetpack_memberships_contains_paid_content":false,"footnotes":""},"categories":[109,47],"tags":[1228],"class_list":["post-14994","post","type-post","status-publish","format-standard","has-post-thumbnail","hentry","category-minuto-a-minuto","category-zona-gris","tag-instituto-oaxaqueno-de-atencion-al-migrante"],"jetpack_featured_media_url":"https:\/\/zonaroja.com.mx\/wp-content\/uploads\/2020\/07\/Migrantes-IOAM.png","jetpack_sharing_enabled":true,"_links":{"self":[{"href":"https:\/\/zonaroja.com.mx\/index.php?rest_route=\/wp\/v2\/posts\/14994","targetHints":{"allow":["GET"]}}],"collection":[{"href":"https:\/\/zonaroja.com.mx\/index.php?rest_route=\/wp\/v2\/posts"}],"about":[{"href":"https:\/\/zonaroja.com.mx\/index.php?rest_route=\/wp\/v2\/types\/post"}],"author":[{"embeddable":true,"href":"https:\/\/zonaroja.com.mx\/index.php?rest_route=\/wp\/v2\/users\/2"}],"replies":[{"embeddable":true,"href":"https:\/\/zonaroja.com.mx\/index.php?rest_route=%2Fwp%2Fv2%2Fcomments&post=14994"}],"version-history":[{"count":2,"href":"https:\/\/zonaroja.com.mx\/index.php?rest_route=\/wp\/v2\/posts\/14994\/revisions"}],"predecessor-version":[{"id":14997,"href":"https:\/\/zonaroja.com.mx\/index.php?rest_route=\/wp\/v2\/posts\/14994\/revisions\/14997"}],"wp:featuredmedia":[{"embeddable":true,"href":"https:\/\/zonaroja.com.mx\/index.php?rest_route=\/wp\/v2\/media\/14995"}],"wp:attachment":[{"href":"https:\/\/zonaroja.com.mx\/index.php?rest_route=%2Fwp%2Fv2%2Fmedia&parent=14994"}],"wp:term":[{"taxonomy":"category","embeddable":true,"href":"https:\/\/zonaroja.com.mx\/index.php?rest_route=%2Fwp%2Fv2%2Fcategories&post=14994"},{"taxonomy":"post_tag","embeddable":true,"href":"https:\/\/zonaroja.com.mx\/index.php?rest_route=%2Fwp%2Fv2%2Ftags&post=14994"}],"curies":[{"name":"wp","href":"https:\/\/api.w.org\/{rel}","templated":true}]}}