{"id":14998,"date":"2020-07-13T21:43:53","date_gmt":"2020-07-14T02:43:53","guid":{"rendered":"http:\/\/www.zonaroja.com.mx\/?p=14998"},"modified":"2020-07-13T21:43:57","modified_gmt":"2020-07-14T02:43:57","slug":"vincula-juez-a-proceso-a-ex-delegado-de-bienestar-por-secuestro","status":"publish","type":"post","link":"https:\/\/zonaroja.com.mx\/?p=14998","title":{"rendered":"Vincula juez a proceso a ex delegado de Bienestar por secuestro"},"content":{"rendered":"\n<p>Redacci\u00f3n\/Zona\nRoja.<\/p>\n\n\n\n<p>Oaxaca de\nJu\u00e1rez, Oax., 13 de julio de 2020.- Por el delito de privaci\u00f3n ilegal de la\nlibertad, el ex delegado regional de los programas Bienestar en la regi\u00f3n de la\nCosta, Gabriel Eutiquio Cer\u00f3n Silva, fue vinculado hoy a proceso por un juez\nfederal.<\/p>\n\n\n\n<p>En un\ncomunicado, la Fiscal\u00eda General de la Rep\u00fablica inform\u00f3 que dio inicio a una\nCarpeta de Investigaci\u00f3n con motivo de la denuncia presentada por el actual\nsubdelegado de Bienestar (Rubel Salinas), \u201cen la que refiri\u00f3 que fue privado de\nsu libertad por personas armadas, cuando se encontraba en el Centro de Atenci\u00f3n\nRegional de la Secretar\u00eda de Agricultura y Desarrollo Rural en Puerto\nEscondido, Oaxaca. <\/p>\n\n\n\n<p>\u201cLas\npersonas armadas lo llevaron a un lugar donde lo esperaba el imputado, quien lo\namenaz\u00f3 para que renunciara al cargo que tiene\u201d, expuso en el documento.<\/p>\n\n\n\n<p>A\u00f1adi\u00f3\nque el fiscal federal, despu\u00e9s de aportar todos los datos de prueba, obtuvo la\nvinculaci\u00f3n a proceso, fij\u00e1ndose un plazo de cuatro meses para concluir la\ninvestigaci\u00f3n complementaria.<\/p>\n\n\n\n<p>Gabriel Cer\u00f3n\nfue detenido el pasado 6 de julio en Puerto Escondido, San Pedro Mixtepec,\nOaxaca, por agentes Federales Ministeriales de la Fiscal\u00eda General de la\nRep\u00fablica (FGR), quienes dieron cumplimiento a una orden de aprehensi\u00f3n asentada\nen el expediente penal FED\/OAX\/HUA\/0000877\/2020, en agravio al delegado federal\nde programas Bienestar, Rubel Salinas.<\/p>\n\n\n\n<p>El\nsecuestro y agresi\u00f3n en contra del actual subdelegado de Bienestar ocurri\u00f3 el\npasado 23 de mayo en Puerto Escondido.<\/p>\n","protected":false},"excerpt":{"rendered":"<p>Redacci\u00f3n\/Zona Roja. Oaxaca de Ju\u00e1rez, Oax., 13 de julio de 2020.- Por el delito de&hellip;<\/p>\n","protected":false},"author":2,"featured_media":14690,"comment_status":"closed","ping_status":"open","sticky":false,"template":"","format":"standard","meta":{"_lmt_disableupdate":"","_lmt_disable":"","_jetpack_memberships_contains_paid_content":false,"footnotes":""},"categories":[109,47],"tags":[1814],"class_list":["post-14998","post","type-post","status-publish","format-standard","has-post-thumbnail","hentry","category-minuto-a-minuto","category-zona-gris","tag-gabriel-ceron-silva"],"jetpack_featured_media_url":"https:\/\/zonaroja.com.mx\/wp-content\/uploads\/2020\/07\/Gabriel-Cer\u00f3n-Silva.jpg","jetpack_sharing_enabled":true,"_links":{"self":[{"href":"https:\/\/zonaroja.com.mx\/index.php?rest_route=\/wp\/v2\/posts\/14998","targetHints":{"allow":["GET"]}}],"collection":[{"href":"https:\/\/zonaroja.com.mx\/index.php?rest_route=\/wp\/v2\/posts"}],"about":[{"href":"https:\/\/zonaroja.com.mx\/index.php?rest_route=\/wp\/v2\/types\/post"}],"author":[{"embeddable":true,"href":"https:\/\/zonaroja.com.mx\/index.php?rest_route=\/wp\/v2\/users\/2"}],"replies":[{"embeddable":true,"href":"https:\/\/zonaroja.com.mx\/index.php?rest_route=%2Fwp%2Fv2%2Fcomments&post=14998"}],"version-history":[{"count":1,"href":"https:\/\/zonaroja.com.mx\/index.php?rest_route=\/wp\/v2\/posts\/14998\/revisions"}],"predecessor-version":[{"id":14999,"href":"https:\/\/zonaroja.com.mx\/index.php?rest_route=\/wp\/v2\/posts\/14998\/revisions\/14999"}],"wp:featuredmedia":[{"embeddable":true,"href":"https:\/\/zonaroja.com.mx\/index.php?rest_route=\/wp\/v2\/media\/14690"}],"wp:attachment":[{"href":"https:\/\/zonaroja.com.mx\/index.php?rest_route=%2Fwp%2Fv2%2Fmedia&parent=14998"}],"wp:term":[{"taxonomy":"category","embeddable":true,"href":"https:\/\/zonaroja.com.mx\/index.php?rest_route=%2Fwp%2Fv2%2Fcategories&post=14998"},{"taxonomy":"post_tag","embeddable":true,"href":"https:\/\/zonaroja.com.mx\/index.php?rest_route=%2Fwp%2Fv2%2Ftags&post=14998"}],"curies":[{"name":"wp","href":"https:\/\/api.w.org\/{rel}","templated":true}]}}