{"id":15004,"date":"2020-07-14T07:59:47","date_gmt":"2020-07-14T12:59:47","guid":{"rendered":"http:\/\/www.zonaroja.com.mx\/?p=15004"},"modified":"2020-07-14T07:59:50","modified_gmt":"2020-07-14T12:59:50","slug":"confirman-que-taxi-que-protege-catem-oaxaca-es-pirata","status":"publish","type":"post","link":"https:\/\/zonaroja.com.mx\/?p=15004","title":{"rendered":"Confirman que taxi que protege CATEM Oaxaca es \u201cpirata\u201d"},"content":{"rendered":"\n<p>Redacci\u00f3n\/Zona Roja.<\/p>\n\n\n\n<p>Oaxaca de Ju\u00e1rez, Oax., 14 de julio de 2020.-\nAutoridades estatales y municipales confirmaron que el taxi del sitio \u201cTal\u00e1n\u201d\nde Magdalena Apasco, Etla, que protege la CATEM tras protagonizar un percance\nvial el s\u00e1bado por la noche, es \u201cpirata\u201d; adem\u00e1s, se pas\u00f3 un sem\u00e1foro en alto.<\/p>\n\n\n\n<p>\u201cEn un trabajo de vinculaci\u00f3n con la Secretar\u00eda de\nMovilidad del Gobierno de Oaxaca, se concluy\u00f3 que el presunto taxi for\u00e1neo fue\ndado de baja para prestar el servicio de transporte p\u00fablico el 11 de agosto de\n2016, por lo que no pod\u00eda ser usado para el transporte de pasajeros, tampoco pertenece\nal sitio \u2018Tal\u00e1n\u2019 y adeuda el pago de tenencia de los a\u00f1os 2017, 2018, 2019 y\n2020, entre otras anomal\u00edas\u201d.<\/p>\n\n\n\n<p>As\u00ed lo expuso el ayuntamiento de Oaxaca de Ju\u00e1rez,\nque asegur\u00f3 que los elementos de la Direcci\u00f3n de Seguridad P\u00fablica, Vialidad y\nProtecci\u00f3n Ciudadana actuaron de forma oportuna y en apego a la legalidad, al\nintervenir luego de un accidente automovil\u00edstico suscitado el s\u00e1bado pasado,\npara mantener el orden y la paz en la ciudad capital.<\/p>\n\n\n\n<p>\u201cEl peritaje indica que el presunto taxi for\u00e1neo se\npas\u00f3 un alto, impactando a un autom\u00f3vil particular. Derivado de este choque,\ncuatro personas que iban a bordo del presunto taxi resultaron con lesiones\u201d.<\/p>\n\n\n\n<p>Personal de vialidad municipal solicit\u00f3 la presencia de elementos de la Subdirecci\u00f3n de Proximidad Social debido a que al lugar se presentaron conductores de taxis, afiliados de la Confederaci\u00f3n Aut\u00f3noma de Trabajadores y Empleados de M\u00e9xico (CATEM), quienes generaron una ri\u00f1a para liberar al conductor del presunto taxi involucrado en los hechos, adem\u00e1s de que golpearon al conductor del veh\u00edculo particular, como se aprecia en un video que circula en redes sociales\u201d.<\/p>\n\n\n\n<figure class=\"wp-block-embed-twitter wp-block-embed is-type-rich is-provider-twitter\"><div class=\"wp-block-embed__wrapper\">\n<div class=\"twitter-tweet\"><blockquote class=\"twitter-tweet\" data-lang=\"es\"><p lang=\"es\" dir=\"ltr\">Pese a que <a href=\"https:\/\/twitter.com\/CatemNacional?ref_src=twsrc%5Etfw\">@CatemNacional<\/a> que dirige en Oaxaca <a href=\"https:\/\/twitter.com\/MrJamesPaz?ref_src=twsrc%5Etfw\">@MrJamesPaz<\/a> argumenta que fueron agredidos el pasado s\u00e1bado en el percance vehicular, en este video se aprecia el momento en que un taxista golpea a chofer del veh\u00edculo particular detenido y esposado. <a href=\"https:\/\/t.co\/oRqABjpFAJ\">pic.twitter.com\/oRqABjpFAJ<\/a><\/p>&mdash; Zona Roja Oaxaca (@MexRoja) <a href=\"https:\/\/twitter.com\/MexRoja\/status\/1282745013613531144?ref_src=twsrc%5Etfw\">13 de julio de 2020<\/a><\/blockquote><\/div>\n<\/div><\/figure>\n\n\n\n<p>\u201cUna vez que la Polic\u00eda Municipal tom\u00f3 el control\nde la situaci\u00f3n, hizo el aseguramiento y retiro de las unidades involucradas.\nAsimismo, despu\u00e9s de realiz\u00e1rsele la certificaci\u00f3n m\u00e9dica pertinente al\nconductor del autom\u00f3vil particular, \u00e9ste fue puesto a disposici\u00f3n de la\nFiscal\u00eda General del Estado para deslindar responsabilidades\u201d.<\/p>\n\n\n\n<p>\u201cEl conductor del presunto taxi, involucrado en los\nhechos, no fue puesto a disposici\u00f3n de la autoridad correspondiente debido a\nque huy\u00f3 del lugar con el apoyo de sus compa\u00f1eros\u201d.<\/p>\n\n\n\n<p>Pese a ello, transportistas de la CATEM, que en\nOaxaca dirige Jaime Paz L\u00f3pez, bloquearon por al menos 10 horas vialidades de\nla capital de Oaxaca as\u00ed como el cuartel municipal, para exigir justicia para\nel chofer del taxi \u201cpirata\u201d que supuestamente fue golpeado por polic\u00edas, as\u00ed\ncomo reparaci\u00f3n de da\u00f1os a veh\u00edculos que bloqueaban.<\/p>\n","protected":false},"excerpt":{"rendered":"<p>Redacci\u00f3n\/Zona Roja. Oaxaca de Ju\u00e1rez, Oax., 14 de julio de 2020.- Autoridades estatales y municipales&hellip;<\/p>\n","protected":false},"author":2,"featured_media":15005,"comment_status":"closed","ping_status":"open","sticky":false,"template":"","format":"standard","meta":{"_lmt_disableupdate":"","_lmt_disable":"","_jetpack_memberships_contains_paid_content":false,"footnotes":""},"categories":[109,47],"tags":[1069],"class_list":["post-15004","post","type-post","status-publish","format-standard","has-post-thumbnail","hentry","category-minuto-a-minuto","category-zona-gris","tag-confederacion-autonoma-de-trabajadores-y-empleados-de-mexico-catem"],"jetpack_featured_media_url":"https:\/\/zonaroja.com.mx\/wp-content\/uploads\/2020\/07\/Taxi-pirata-accidente.jpg","jetpack_sharing_enabled":true,"_links":{"self":[{"href":"https:\/\/zonaroja.com.mx\/index.php?rest_route=\/wp\/v2\/posts\/15004","targetHints":{"allow":["GET"]}}],"collection":[{"href":"https:\/\/zonaroja.com.mx\/index.php?rest_route=\/wp\/v2\/posts"}],"about":[{"href":"https:\/\/zonaroja.com.mx\/index.php?rest_route=\/wp\/v2\/types\/post"}],"author":[{"embeddable":true,"href":"https:\/\/zonaroja.com.mx\/index.php?rest_route=\/wp\/v2\/users\/2"}],"replies":[{"embeddable":true,"href":"https:\/\/zonaroja.com.mx\/index.php?rest_route=%2Fwp%2Fv2%2Fcomments&post=15004"}],"version-history":[{"count":1,"href":"https:\/\/zonaroja.com.mx\/index.php?rest_route=\/wp\/v2\/posts\/15004\/revisions"}],"predecessor-version":[{"id":15006,"href":"https:\/\/zonaroja.com.mx\/index.php?rest_route=\/wp\/v2\/posts\/15004\/revisions\/15006"}],"wp:featuredmedia":[{"embeddable":true,"href":"https:\/\/zonaroja.com.mx\/index.php?rest_route=\/wp\/v2\/media\/15005"}],"wp:attachment":[{"href":"https:\/\/zonaroja.com.mx\/index.php?rest_route=%2Fwp%2Fv2%2Fmedia&parent=15004"}],"wp:term":[{"taxonomy":"category","embeddable":true,"href":"https:\/\/zonaroja.com.mx\/index.php?rest_route=%2Fwp%2Fv2%2Fcategories&post=15004"},{"taxonomy":"post_tag","embeddable":true,"href":"https:\/\/zonaroja.com.mx\/index.php?rest_route=%2Fwp%2Fv2%2Ftags&post=15004"}],"curies":[{"name":"wp","href":"https:\/\/api.w.org\/{rel}","templated":true}]}}