{"id":15017,"date":"2020-07-14T14:03:34","date_gmt":"2020-07-14T19:03:34","guid":{"rendered":"http:\/\/www.zonaroja.com.mx\/?p=15017"},"modified":"2020-07-14T15:24:05","modified_gmt":"2020-07-14T20:24:05","slug":"zafarrancho-en-centro-historico-sin-sana-distancia-pelean-puesto-ambulante","status":"publish","type":"post","link":"https:\/\/zonaroja.com.mx\/?p=15017","title":{"rendered":"Zafarrancho en Centro Hist\u00f3rico; sin sana distancia pelean puesto ambulante"},"content":{"rendered":"\n<p>Evlin\nArag\u00f3n\/Zona Roja.<\/p>\n\n\n\n<p>Oaxaca de\nJu\u00e1rez, Oax., 14 de julio de 2020.- A\u00fan con la contingencia sanitaria vigente y\ncon el llamado de las autoridades estatales de mantener la sana distancia para\nevitar el contagio masivo por Covid19, este martes se registr\u00f3 un zafarrancho\nen pleno Centro Hist\u00f3rico de la ciudad de Oaxaca, protagonizado por vendedoras\ny vendedores ambulantes.<\/p>\n\n\n\n<p>La pugna,\npor un puesto ubicado en la calle de Bustamante, ocasion\u00f3 el enfrentamiento\nentre integrantes de las organizaciones \u00ab14 de Junio\u00bb y \u00abSiglo XXI\u00bb,\npor lo que al lugar arribaron elementos de la Polic\u00eda Municipal para contener\nlos \u00e1nimos.<\/p>\n\n\n\n<p>La se\u00f1ora Octavia L. A. argument\u00f3 que debido a las exigencias de participaci\u00f3n en protestas y reuniones a altas horas de la noche, que pon\u00edan en riesgo su integridad f\u00edsica, decidieron \u2013ella y su hermana- salirse de la organizaci\u00f3n \u00ab14 de Junio\u00bb, a la cual hab\u00eda pedido cobertura previamente.<\/p>\n\n\n\n<figure class=\"wp-block-embed-twitter wp-block-embed is-type-rich is-provider-twitter\"><div class=\"wp-block-embed__wrapper\">\n<div class=\"twitter-tweet\"><blockquote class=\"twitter-tweet\" data-lang=\"es\"><p lang=\"es\" dir=\"ltr\"><a href=\"https:\/\/twitter.com\/hashtag\/ENVIVO?src=hash&amp;ref_src=twsrc%5Etfw\">#ENVIVO<\/a><br>Oaxaca de Ju\u00e1rez, Oax., 14 de julio de 2020.- Disputa por un puesto ambulante en la sexta calle de Bustamante, Centro Hist\u00f3rico de la capital. <br><br>Aqu\u00ed la transmisi\u00f3n: \ud83d\udc47<a href=\"https:\/\/t.co\/HJikoDlllY\">https:\/\/t.co\/HJikoDlllY<\/a> <a href=\"https:\/\/t.co\/kNhPIIqgaD\">pic.twitter.com\/kNhPIIqgaD<\/a><\/p>&mdash; Zona Roja Oaxaca (@MexRoja) <a href=\"https:\/\/twitter.com\/MexRoja\/status\/1283078277083480065?ref_src=twsrc%5Etfw\">14 de julio de 2020<\/a><\/blockquote><\/div>\n<\/div><\/figure>\n\n\n\n<p>La\ndecisi\u00f3n de ambas mujeres, vendedoras de fruta en la v\u00eda p\u00fablica desde hace 12\na\u00f1os, ocasion\u00f3 que la ubicaci\u00f3n del puesto fuera disputada a gritos, empujones\ny golpes, sin importar la sana distancia, al grado de conseguir que la\nautoridad municipal levantara el puesto y lo retirara del lugar hasta lograr un\nacuerdo entre ambas partes.<\/p>\n\n\n\n<p>Para\nOctavia es injusto que la organizaci\u00f3n que lleg\u00f3 hace cinco a\u00f1os\naproximadamente al Centro Hist\u00f3rico se quiera aprovechar de ellas que han\nestado instaladas ah\u00ed desde hace muchos a\u00f1os, sin embargo, asegur\u00f3 que el\nconstante cambio de representantes de las y los vendedores ambulante hace que\nla que la mujer que se encuentra al frente no sepa los antecedentes.<\/p>\n\n\n\n<p>As\u00ed mismo,\ndio a conocer que entre 70 y 100 pesos por d\u00eda es la cuota que pagan por contar\ncon el \u201crespaldo\u201d de alguna organizaci\u00f3n, la cual lamentaron sea necesaria para\nrealizar una actividad comercial que les permite llevar sustento a sus\nfamilias.<\/p>\n\n\n\n<p>Finalmente,\npese a los gritos y la inconformidad el puesto fue retirado de la v\u00eda p\u00fablica\ncon la promesa de instalar una mesa de dialogo entre las partes en disputa para\nllegar a un acuerdo.<\/p>\n","protected":false},"excerpt":{"rendered":"<p>Evlin Arag\u00f3n\/Zona Roja. Oaxaca de Ju\u00e1rez, Oax., 14 de julio de 2020.- A\u00fan con la&hellip;<\/p>\n","protected":false},"author":2,"featured_media":15018,"comment_status":"closed","ping_status":"open","sticky":false,"template":"","format":"standard","meta":{"_lmt_disableupdate":"","_lmt_disable":"","_jetpack_memberships_contains_paid_content":false,"footnotes":""},"categories":[109,47],"tags":[148],"class_list":["post-15017","post","type-post","status-publish","format-standard","has-post-thumbnail","hentry","category-minuto-a-minuto","category-zona-gris","tag-oaxaca-de-juarez"],"jetpack_featured_media_url":"https:\/\/zonaroja.com.mx\/wp-content\/uploads\/2020\/07\/Conflicto-ambulantes.jpg","jetpack_sharing_enabled":true,"_links":{"self":[{"href":"https:\/\/zonaroja.com.mx\/index.php?rest_route=\/wp\/v2\/posts\/15017","targetHints":{"allow":["GET"]}}],"collection":[{"href":"https:\/\/zonaroja.com.mx\/index.php?rest_route=\/wp\/v2\/posts"}],"about":[{"href":"https:\/\/zonaroja.com.mx\/index.php?rest_route=\/wp\/v2\/types\/post"}],"author":[{"embeddable":true,"href":"https:\/\/zonaroja.com.mx\/index.php?rest_route=\/wp\/v2\/users\/2"}],"replies":[{"embeddable":true,"href":"https:\/\/zonaroja.com.mx\/index.php?rest_route=%2Fwp%2Fv2%2Fcomments&post=15017"}],"version-history":[{"count":2,"href":"https:\/\/zonaroja.com.mx\/index.php?rest_route=\/wp\/v2\/posts\/15017\/revisions"}],"predecessor-version":[{"id":15023,"href":"https:\/\/zonaroja.com.mx\/index.php?rest_route=\/wp\/v2\/posts\/15017\/revisions\/15023"}],"wp:featuredmedia":[{"embeddable":true,"href":"https:\/\/zonaroja.com.mx\/index.php?rest_route=\/wp\/v2\/media\/15018"}],"wp:attachment":[{"href":"https:\/\/zonaroja.com.mx\/index.php?rest_route=%2Fwp%2Fv2%2Fmedia&parent=15017"}],"wp:term":[{"taxonomy":"category","embeddable":true,"href":"https:\/\/zonaroja.com.mx\/index.php?rest_route=%2Fwp%2Fv2%2Fcategories&post=15017"},{"taxonomy":"post_tag","embeddable":true,"href":"https:\/\/zonaroja.com.mx\/index.php?rest_route=%2Fwp%2Fv2%2Ftags&post=15017"}],"curies":[{"name":"wp","href":"https:\/\/api.w.org\/{rel}","templated":true}]}}