{"id":15027,"date":"2020-07-14T16:10:43","date_gmt":"2020-07-14T21:10:43","guid":{"rendered":"http:\/\/www.zonaroja.com.mx\/?p=15027"},"modified":"2020-07-14T16:10:49","modified_gmt":"2020-07-14T21:10:49","slug":"rechaza-unir-violencia-de-genero-y-politica-anuncia-labor-electoral-en-defensa-de-4t","status":"publish","type":"post","link":"https:\/\/zonaroja.com.mx\/?p=15027","title":{"rendered":"Rechaza UNIR violencia de g\u00e9nero y pol\u00edtica; anuncia labor electoral en defensa de 4T"},"content":{"rendered":"\n<p>Evlin\nArag\u00f3n\/Zona Roja.<\/p>\n\n\n\n<p>Oaxaca de\nJu\u00e1rez, Oax., 14 de julio de 2020.- Integrantes de la organizaci\u00f3n Unidad,\nIdentidad y Ra\u00edces de Oaxaca (UNIR) se manifestaron en contra de la violencia\nde g\u00e9nero y feminicida que se vive en la entidad y que ha dado como resultado\nm\u00e1s de 60 mujeres asesinadas de forma violenta en lo que va del 2020.<\/p>\n\n\n\n<p>\u201cAc\u00e1 en\nOaxaca, hoy camina la muerte y el dolor, debemos mirar las monta\u00f1as y valles,\nque es donde ahora viven nuestros muertos, tal vez ah\u00ed, est\u00e9n nuestras y\nnuestros desaparecidos, en estos primeros 6 meses del 2020 han ocurrido 60\nfeminicidios, en todo este sexenio han asesinado a 441 mujeres\u201d.<\/p>\n\n\n\n<p>As\u00ed lo\nrefirieron como parte de su comunicado emitido tras la primera asamblea estatal\nde la organizaci\u00f3n UNIR, que se llev\u00f3 a cabo en la capital oaxaque\u00f1a con la\npresencia de dirigentes comunitarios, autoridades agrarias y municipales de\ndiferentes regiones del estado.<\/p>\n\n\n\n<p>Con\nrelaci\u00f3n a la violencia de g\u00e9nero, se pronunciaron en contra de todo acto de\ndiscriminaci\u00f3n hacia las mujeres y respaldaron a Jaqueline Escamilla Villanueva\npor las actitudes mis\u00f3ginas y de violencia pol\u00edtica ejercidas contra ella por\nel presidente municipal de Oaxaca de Ju\u00e1rez, Oswaldo Garc\u00eda Jarqu\u00edn.<\/p>\n\n\n\n<p>As\u00ed mismo\nse pronunciaron en contra de los cacicazgos pol\u00edticos y econ\u00f3micos regionales,\nla voracidad neoliberal y las err\u00e1ticas pol\u00edticas p\u00fablicas de los gobiernos\nestatales que tienen sumido a Oaxaca en una precarizaci\u00f3n preocupante.<\/p>\n\n\n\n<p>Y es que\nde acuerdo con la organizaci\u00f3n en Oaxaca, la muerte no descansa y su fatal\naliento alcanza a los pueblos m\u00e1s pobres, m\u00e1s lejanos, m\u00e1s olvidados. \u201cTenemos\nun gobierno estatal insensible responsable de la sangre que hoy corre en muchos\npueblos\u2026No nos oyen, pero desde ac\u00e1 hoy les decimos que no queremos m\u00e1s ser los\nmuertos de siempre, los que tenemos que morir para vivir\u201d.<\/p>\n\n\n\n<p>Recordaron\nque en Oaxaca vienen los tiempos de las urnas, por lo que dentro de sus\nacuerdos determinaron crear y multiplicar comit\u00e9s de lucha de apoyo al\npresidente Andr\u00e9s Manuel L\u00f3pez Obrador y en defensa del Proyecto de Naci\u00f3n de\nla 4T en todo el estado de Oaxaca, que impida el regreso de un r\u00e9gimen que\nsaque\u00f3 a la naci\u00f3n y enriqueci\u00f3 a una elite, por lo que tambi\u00e9n se pronunciaron\nen contra de la alianza con el Partido Verde Ecologista de M\u00e9xico.<\/p>\n\n\n\n<p>\u201cNo\nseremos nunca aliados de esos oportunistas, que, ayer vestidos de verde, eran\ntricolores y que hoy con un vac\u00edo discurso ambientalista quieren ensamblarse a\nun proceso de una verdadera transformaci\u00f3n. Seremos siempre enemigos de ese\nrostro doble que apuesta al olvido en el coraz\u00f3n del pueblo\u201d, sentenciaron.<\/p>\n","protected":false},"excerpt":{"rendered":"<p>Evlin Arag\u00f3n\/Zona Roja. Oaxaca de Ju\u00e1rez, Oax., 14 de julio de 2020.- Integrantes de la&hellip;<\/p>\n","protected":false},"author":2,"featured_media":15028,"comment_status":"closed","ping_status":"open","sticky":false,"template":"","format":"standard","meta":{"_lmt_disableupdate":"","_lmt_disable":"","_jetpack_memberships_contains_paid_content":false,"footnotes":""},"categories":[109,46],"tags":[1833],"class_list":["post-15027","post","type-post","status-publish","format-standard","has-post-thumbnail","hentry","category-minuto-a-minuto","category-zona-blanca","tag-unidad-identidad-y-raices-de-oaxaca-unir"],"jetpack_featured_media_url":"https:\/\/zonaroja.com.mx\/wp-content\/uploads\/2020\/07\/Asamblea-UNIR.jpg","jetpack_sharing_enabled":true,"_links":{"self":[{"href":"https:\/\/zonaroja.com.mx\/index.php?rest_route=\/wp\/v2\/posts\/15027","targetHints":{"allow":["GET"]}}],"collection":[{"href":"https:\/\/zonaroja.com.mx\/index.php?rest_route=\/wp\/v2\/posts"}],"about":[{"href":"https:\/\/zonaroja.com.mx\/index.php?rest_route=\/wp\/v2\/types\/post"}],"author":[{"embeddable":true,"href":"https:\/\/zonaroja.com.mx\/index.php?rest_route=\/wp\/v2\/users\/2"}],"replies":[{"embeddable":true,"href":"https:\/\/zonaroja.com.mx\/index.php?rest_route=%2Fwp%2Fv2%2Fcomments&post=15027"}],"version-history":[{"count":1,"href":"https:\/\/zonaroja.com.mx\/index.php?rest_route=\/wp\/v2\/posts\/15027\/revisions"}],"predecessor-version":[{"id":15029,"href":"https:\/\/zonaroja.com.mx\/index.php?rest_route=\/wp\/v2\/posts\/15027\/revisions\/15029"}],"wp:featuredmedia":[{"embeddable":true,"href":"https:\/\/zonaroja.com.mx\/index.php?rest_route=\/wp\/v2\/media\/15028"}],"wp:attachment":[{"href":"https:\/\/zonaroja.com.mx\/index.php?rest_route=%2Fwp%2Fv2%2Fmedia&parent=15027"}],"wp:term":[{"taxonomy":"category","embeddable":true,"href":"https:\/\/zonaroja.com.mx\/index.php?rest_route=%2Fwp%2Fv2%2Fcategories&post=15027"},{"taxonomy":"post_tag","embeddable":true,"href":"https:\/\/zonaroja.com.mx\/index.php?rest_route=%2Fwp%2Fv2%2Ftags&post=15027"}],"curies":[{"name":"wp","href":"https:\/\/api.w.org\/{rel}","templated":true}]}}