{"id":15030,"date":"2020-07-14T18:47:07","date_gmt":"2020-07-14T23:47:07","guid":{"rendered":"http:\/\/www.zonaroja.com.mx\/?p=15030"},"modified":"2020-07-14T18:47:11","modified_gmt":"2020-07-14T23:47:11","slug":"los-mitos-de-la-canicula-en-oaxaca-aun-no-comienza-pero-debes-estar-prevenido","status":"publish","type":"post","link":"https:\/\/zonaroja.com.mx\/?p=15030","title":{"rendered":"Los mitos de la can\u00edcula; en Oaxaca a\u00fan no comienza, pero debes estar prevenido"},"content":{"rendered":"\n<p>Yuridiana\nSosa\/Zona Roja.<\/p>\n\n\n\n<p>Oaxaca de\nJu\u00e1rez, Oax., 14 de julio de 2020.- Con temperaturas que pueden alcanzar los 40\ngrados en la entidad durante el lapso del a\u00f1o conocido como \u201ccan\u00edcula\u201d, se cree\nque esta es la fase m\u00e1s calurosa del a\u00f1o, pero no es as\u00ed, precis\u00f3 la\nCoordinaci\u00f3n Estatal de Protecci\u00f3n Civil de Oaxaca (CEPCO).<\/p>\n\n\n\n<p>A\ndiferencia de algunos estados del norte del pa\u00eds donde el term\u00f3metro arroja una\nelevaci\u00f3n del calor, en Oaxaca la \u201ccan\u00edcula\u201d a\u00fan no comienza y su fecha de\ninicio es incierta, pues se siguen presentando el arribo de ondas tropicales\nque provocan lluvias, indic\u00f3 el meteor\u00f3logo del organismo estatal, Cutberto\nRuiz Jarqu\u00edn.<\/p>\n\n\n\n<p>Existen\ntres mitos sobresalientes sobre este esta \u00e9poca tambi\u00e9n conocida como\n\u201cveranillo\u201d y la cual se registra por la disminuci\u00f3n del registro de lluvias\nentre los meses de julio y agosto en algunas zonas del pa\u00eds, entre ellas\nOaxaca.<\/p>\n\n\n\n<p>La\nprimera falsedad es que la can\u00edcula comienza el 12 de julio. En ese sentido, el\nespecialista dijo que ser\u00e1 a partir de la pr\u00f3xima semana cuando se tenga un\ndato m\u00e1s preciso sobre el inicio de esta temporada en Oaxaca, pues depende de\nun sistema de alta de presi\u00f3n que se estacione en el Golfo de M\u00e9xico, lo que\nprovoca el bloqueo de ondas tropicales.<\/p>\n\n\n\n<p>Es mito tambi\u00e9n\nque durante la can\u00edcula haya m\u00e1s calor que en otros meses, sin embargo, las\ntemperaturas en esta fase se elevan en comparaci\u00f3n al mes de junio, en el que\nse registra menor calor.<\/p>\n\n\n\n<p>En ese\nsentido, el meteor\u00f3logo expuso que las temperaturas regulares en algunas zonas\nde Oaxaca son de 38 grados, se pueden alcanzar los 40 grados, como el a\u00f1o\npasado en municipios de la Sierra Sur y el Istmo; pero este 2020 se alcanzaron\nhasta los 52 grados en municipios de la regi\u00f3n Cuenca en el mes de abril.<\/p>\n\n\n\n<p>Otra\nfalsedad es que dure un periodo de 40 d\u00edas. Como la cantidad de d\u00edas puede ser\nmenor, como puede extenderse hasta por 47 d\u00edas como ocurri\u00f3 en el 2019 en la\nentidad.<\/p>\n\n\n\n<p>Durante\nla can\u00edcula se registra un cielo de mayormente despejado, mayor incidencia en\nradiaci\u00f3n solar y aumento en la temperatura superficial, por lo que las\nautoridades de Protecci\u00f3n Civil recomiendan tomar medidas preventivas en su\nexposici\u00f3n al sol y mantenerse hidratados.<\/p>\n","protected":false},"excerpt":{"rendered":"<p>Yuridiana Sosa\/Zona Roja. Oaxaca de Ju\u00e1rez, Oax., 14 de julio de 2020.- Con temperaturas que&hellip;<\/p>\n","protected":false},"author":2,"featured_media":15031,"comment_status":"closed","ping_status":"open","sticky":false,"template":"","format":"standard","meta":{"_lmt_disableupdate":"","_lmt_disable":"","_jetpack_memberships_contains_paid_content":false,"footnotes":""},"categories":[109,47],"tags":[1834],"class_list":["post-15030","post","type-post","status-publish","format-standard","has-post-thumbnail","hentry","category-minuto-a-minuto","category-zona-gris","tag-canicula-oaxaca"],"jetpack_featured_media_url":"https:\/\/zonaroja.com.mx\/wp-content\/uploads\/2020\/07\/can\u00edcula.jpg","jetpack_sharing_enabled":true,"_links":{"self":[{"href":"https:\/\/zonaroja.com.mx\/index.php?rest_route=\/wp\/v2\/posts\/15030","targetHints":{"allow":["GET"]}}],"collection":[{"href":"https:\/\/zonaroja.com.mx\/index.php?rest_route=\/wp\/v2\/posts"}],"about":[{"href":"https:\/\/zonaroja.com.mx\/index.php?rest_route=\/wp\/v2\/types\/post"}],"author":[{"embeddable":true,"href":"https:\/\/zonaroja.com.mx\/index.php?rest_route=\/wp\/v2\/users\/2"}],"replies":[{"embeddable":true,"href":"https:\/\/zonaroja.com.mx\/index.php?rest_route=%2Fwp%2Fv2%2Fcomments&post=15030"}],"version-history":[{"count":1,"href":"https:\/\/zonaroja.com.mx\/index.php?rest_route=\/wp\/v2\/posts\/15030\/revisions"}],"predecessor-version":[{"id":15032,"href":"https:\/\/zonaroja.com.mx\/index.php?rest_route=\/wp\/v2\/posts\/15030\/revisions\/15032"}],"wp:featuredmedia":[{"embeddable":true,"href":"https:\/\/zonaroja.com.mx\/index.php?rest_route=\/wp\/v2\/media\/15031"}],"wp:attachment":[{"href":"https:\/\/zonaroja.com.mx\/index.php?rest_route=%2Fwp%2Fv2%2Fmedia&parent=15030"}],"wp:term":[{"taxonomy":"category","embeddable":true,"href":"https:\/\/zonaroja.com.mx\/index.php?rest_route=%2Fwp%2Fv2%2Fcategories&post=15030"},{"taxonomy":"post_tag","embeddable":true,"href":"https:\/\/zonaroja.com.mx\/index.php?rest_route=%2Fwp%2Fv2%2Ftags&post=15030"}],"curies":[{"name":"wp","href":"https:\/\/api.w.org\/{rel}","templated":true}]}}