{"id":15033,"date":"2020-07-14T20:39:27","date_gmt":"2020-07-15T01:39:27","guid":{"rendered":"http:\/\/www.zonaroja.com.mx\/?p=15033"},"modified":"2020-07-14T20:39:29","modified_gmt":"2020-07-15T01:39:29","slug":"ofelia-sigue-sin-volver-a-casa-desaparecio-en-tuxtepec-hace-5-dias","status":"publish","type":"post","link":"https:\/\/zonaroja.com.mx\/?p=15033","title":{"rendered":"Ofelia, sigue sin volver a casa, desapareci\u00f3 en Tuxtepec hace 5 d\u00edas"},"content":{"rendered":"\n<p>Yuridiana\nSosa\/Zona Roja.<\/p>\n\n\n\n<p>San Juan\nBautista Tuxtepec, Oax., 14 de julio de 2020.- Ofelia Valor Narcizo, de 34 a\u00f1os\nde edad, sigue desaparecida; su familia la busca desde el pasado 9 de julio cuando\nse dirig\u00eda al trabajo en el municipio de San Juan Bautista Tuxtepec.<\/p>\n\n\n\n<p>La joven\nmujer es originaria del vecino municipio ind\u00edgena de San Lucas Ojitl\u00e1n en la\nmisma regi\u00f3n de la Cuenca, pero se empleaba como trabajadora de una farmacia en\nel centro de Tuxtepec, donde radica en la colonia Santa Clara.<\/p>\n\n\n\n<p>Desde el\npasado 9 de julio su familia pidi\u00f3 apoyo a la comunidad a trav\u00e9s de redes\nsociales para dar con su paradero, pero fue hasta este 14 de julio que su ficha\nde b\u00fasqueda fue lanzada por la Fiscal\u00eda General de Estado, a trav\u00e9s de la\nUnidad de B\u00fasqueda de Personas No Localizadas y Desaparecidas.<\/p>\n\n\n\n<p>La \u00faltima\nvez que se le vio vest\u00eda camisa color blanco, pantal\u00f3n de tela color negro y\nportaba una bata blanca con el logotipo de \u201cFarmacias Similares\u201d, donde\nlaboraba.<\/p>\n\n\n\n<p>En las\n\u00faltimas horas, tambi\u00e9n se report\u00f3 la desaparici\u00f3n de Keila Jazm\u00edn L\u00f3pez\nDom\u00ednguez. de 16 a\u00f1os de edad, en el municipio de Salina Cruz.<\/p>\n\n\n\n<p>La\nadolescente fue vista por \u00faltima vez el pasado 11 de julio en la colonia\nHidalgo Oriente, y como se\u00f1a particular tiene un lunar de punto en el lado\nizquierdo de la barbilla.<\/p>\n\n\n\n<p>As\u00ed\ntambi\u00e9n, desde el pasado 12 de julio, la familia de Adi Emelly Venegas Reyes de\n14 a\u00f1os de edad espera su regreso.<\/p>\n\n\n\n<p>La menor\nde edad fue vista por \u00faltima vez en la colonia El Manantial de la agencia de\nPueblo Nuevo de la capital del estado.<\/p>\n\n\n\n<p>Las\nfamilias de cada una de ellas piden a la poblaci\u00f3n su ayuda para localizarlas\ncon vida, lo m\u00e1s pronto posible.<\/p>\n","protected":false},"excerpt":{"rendered":"<p>Yuridiana Sosa\/Zona Roja. San Juan Bautista Tuxtepec, Oax., 14 de julio de 2020.- Ofelia Valor&hellip;<\/p>\n","protected":false},"author":2,"featured_media":15034,"comment_status":"closed","ping_status":"open","sticky":false,"template":"","format":"standard","meta":{"_lmt_disableupdate":"","_lmt_disable":"","_jetpack_memberships_contains_paid_content":false,"footnotes":""},"categories":[109,47],"tags":[1705],"class_list":["post-15033","post","type-post","status-publish","format-standard","has-post-thumbnail","hentry","category-minuto-a-minuto","category-zona-gris","tag-desaparecidas-san-juan-bautista-tuxtepec"],"jetpack_featured_media_url":"https:\/\/zonaroja.com.mx\/wp-content\/uploads\/2020\/07\/Desaparecida-Tuxtepec.jpg","jetpack_sharing_enabled":true,"_links":{"self":[{"href":"https:\/\/zonaroja.com.mx\/index.php?rest_route=\/wp\/v2\/posts\/15033","targetHints":{"allow":["GET"]}}],"collection":[{"href":"https:\/\/zonaroja.com.mx\/index.php?rest_route=\/wp\/v2\/posts"}],"about":[{"href":"https:\/\/zonaroja.com.mx\/index.php?rest_route=\/wp\/v2\/types\/post"}],"author":[{"embeddable":true,"href":"https:\/\/zonaroja.com.mx\/index.php?rest_route=\/wp\/v2\/users\/2"}],"replies":[{"embeddable":true,"href":"https:\/\/zonaroja.com.mx\/index.php?rest_route=%2Fwp%2Fv2%2Fcomments&post=15033"}],"version-history":[{"count":1,"href":"https:\/\/zonaroja.com.mx\/index.php?rest_route=\/wp\/v2\/posts\/15033\/revisions"}],"predecessor-version":[{"id":15035,"href":"https:\/\/zonaroja.com.mx\/index.php?rest_route=\/wp\/v2\/posts\/15033\/revisions\/15035"}],"wp:featuredmedia":[{"embeddable":true,"href":"https:\/\/zonaroja.com.mx\/index.php?rest_route=\/wp\/v2\/media\/15034"}],"wp:attachment":[{"href":"https:\/\/zonaroja.com.mx\/index.php?rest_route=%2Fwp%2Fv2%2Fmedia&parent=15033"}],"wp:term":[{"taxonomy":"category","embeddable":true,"href":"https:\/\/zonaroja.com.mx\/index.php?rest_route=%2Fwp%2Fv2%2Fcategories&post=15033"},{"taxonomy":"post_tag","embeddable":true,"href":"https:\/\/zonaroja.com.mx\/index.php?rest_route=%2Fwp%2Fv2%2Ftags&post=15033"}],"curies":[{"name":"wp","href":"https:\/\/api.w.org\/{rel}","templated":true}]}}