{"id":15036,"date":"2020-07-14T21:00:22","date_gmt":"2020-07-15T02:00:22","guid":{"rendered":"http:\/\/www.zonaroja.com.mx\/?p=15036"},"modified":"2020-07-14T21:00:25","modified_gmt":"2020-07-15T02:00:25","slug":"otra-pifia-de-la-fiscalia-de-oaxaca-sale-libre-un-acusado-de-secuestro","status":"publish","type":"post","link":"https:\/\/zonaroja.com.mx\/?p=15036","title":{"rendered":"Otra pifia de la Fiscal\u00eda de Oaxaca: sale libre un acusado de secuestro"},"content":{"rendered":"\n<p>Redacci\u00f3n\/Zona\nRoja.<\/p>\n\n\n\n<p>Oaxaca de\nJu\u00e1rez, Oax., 14 de julio de 2020.- Un individuo de la regi\u00f3n del Istmo de\nTehuantepec acusado de secuestro, fue liberado por una juez de control con sede\nen Juchit\u00e1n de Zaragoza, ante las deficientes pruebas aportadas en la Carpeta\nde Investigaci\u00f3n por parte de la Fiscal\u00eda General del Estado de Oaxaca.<\/p>\n\n\n\n<p>El\nabogado defensor, Francisco Gerardo L\u00f3pez Thomas, corrobor\u00f3 ante la juzgadora\nlas inconsistencias en el informe policial y las contradicciones; incluso el\nagente del Ministerio P\u00fablico intent\u00f3 introducir datos que no estaban en dicha\ncarpeta.<\/p>\n\n\n\n<p>Fue la\nmadrugada del lunes que Wilbert S.G., qued\u00f3 en libertad ante la falta de\npruebas. La juez de control consider\u00f3 que no exist\u00edan elementos suficientes por\nla deficiente investigaci\u00f3n y por lo cual dict\u00f3 la no vinculaci\u00f3n a proceso por\nel delito de secuestro.<\/p>\n\n\n\n<p>La aprehensi\u00f3n\nla presumi\u00f3 la Fiscal\u00eda General del Estado a principios de este mes, a trav\u00e9s\nde un comunicado de prensa:<\/p>\n\n\n\n<p>\u201cTras una\nimportante acci\u00f3n llevada a cabo por personal de Alto Impacto de la regi\u00f3n del\nIstmo de Tehuantepec, logr\u00f3 detener y llevar ante un juez a un probable\nsecuestrador, luego de privar de la libertad a una persona del sexo masculino\n(cuya identidad es reservada).<\/p>\n\n\n\n<p>El\nimputado identificado como Wilbert S. G., fue detenido por Agentes Estatales de\nInvestigaci\u00f3n, siendo puesto a disposici\u00f3n de la autoridad judicial\ncorrespondiente por el delito de secuestro agravado.<\/p>\n\n\n\n<p>De\nacuerdo con la carpeta de investigaci\u00f3n 20558\/FIST\/JUCHIT\u00c1N\/2020, alrededor de\nlas 01:17 horas del 5 de julio de 2020, en inmediaciones de Asunci\u00f3n\nIxtaltepec, el imputado habr\u00eda privado de su libertad a la v\u00edctima, exigiendo a\nfamiliares una fuerte suma de dinero a cambio de su liberaci\u00f3n.<\/p>\n\n\n\n<p>Cuando el\nprobable secuestrador intent\u00f3 cobrar el rescate, fue detenido por Agentes de\nInvestigaci\u00f3n en inmediaciones de la Segunda Secci\u00f3n de Asunci\u00f3n Ixtaltepec y\nllevado de forma inmediata ante la autoridad judicial.<\/p>\n\n\n\n<p>En la\naudiencia ante la juez, se confirm\u00f3 que el trailero fue privado de su liberad\npor sujetos armados presuntamente del C\u00e1rtel de Jalisco Nueva Generaci\u00f3n y lo\nllevaron a un domicilio y tras negociaciones pactaron la entrega del dinero.<\/p>\n\n\n\n<p>Wilbert supuestamente\nacudi\u00f3 a recoger el dinero y recibi\u00f3 una llamada frente a los polic\u00edas. En\naudiencia la juez le indic\u00f3 al agente del Ministerio P\u00fablico que no dijera de\npruebas que no hab\u00eda aportado.<\/p>\n\n\n\n<p>Por ello,\nal concluir la audiencia de t\u00e9rmino constitucional, la juez consider\u00f3 que no\nexisten pruebas y dict\u00f3 auto de no vinculaci\u00f3n a proceso.<\/p>\n","protected":false},"excerpt":{"rendered":"<p>Redacci\u00f3n\/Zona Roja. Oaxaca de Ju\u00e1rez, Oax., 14 de julio de 2020.- Un individuo de la&hellip;<\/p>\n","protected":false},"author":2,"featured_media":8850,"comment_status":"closed","ping_status":"open","sticky":false,"template":"","format":"standard","meta":{"_lmt_disableupdate":"","_lmt_disable":"","_jetpack_memberships_contains_paid_content":false,"footnotes":""},"categories":[109,47],"tags":[494],"class_list":["post-15036","post","type-post","status-publish","format-standard","has-post-thumbnail","hentry","category-minuto-a-minuto","category-zona-gris","tag-fiscalia-general-del-estado-de-oaxaca"],"jetpack_featured_media_url":"https:\/\/zonaroja.com.mx\/wp-content\/uploads\/2020\/02\/Sede-Fiscal\u00eda-General-4.png","jetpack_sharing_enabled":true,"_links":{"self":[{"href":"https:\/\/zonaroja.com.mx\/index.php?rest_route=\/wp\/v2\/posts\/15036","targetHints":{"allow":["GET"]}}],"collection":[{"href":"https:\/\/zonaroja.com.mx\/index.php?rest_route=\/wp\/v2\/posts"}],"about":[{"href":"https:\/\/zonaroja.com.mx\/index.php?rest_route=\/wp\/v2\/types\/post"}],"author":[{"embeddable":true,"href":"https:\/\/zonaroja.com.mx\/index.php?rest_route=\/wp\/v2\/users\/2"}],"replies":[{"embeddable":true,"href":"https:\/\/zonaroja.com.mx\/index.php?rest_route=%2Fwp%2Fv2%2Fcomments&post=15036"}],"version-history":[{"count":1,"href":"https:\/\/zonaroja.com.mx\/index.php?rest_route=\/wp\/v2\/posts\/15036\/revisions"}],"predecessor-version":[{"id":15037,"href":"https:\/\/zonaroja.com.mx\/index.php?rest_route=\/wp\/v2\/posts\/15036\/revisions\/15037"}],"wp:featuredmedia":[{"embeddable":true,"href":"https:\/\/zonaroja.com.mx\/index.php?rest_route=\/wp\/v2\/media\/8850"}],"wp:attachment":[{"href":"https:\/\/zonaroja.com.mx\/index.php?rest_route=%2Fwp%2Fv2%2Fmedia&parent=15036"}],"wp:term":[{"taxonomy":"category","embeddable":true,"href":"https:\/\/zonaroja.com.mx\/index.php?rest_route=%2Fwp%2Fv2%2Fcategories&post=15036"},{"taxonomy":"post_tag","embeddable":true,"href":"https:\/\/zonaroja.com.mx\/index.php?rest_route=%2Fwp%2Fv2%2Ftags&post=15036"}],"curies":[{"name":"wp","href":"https:\/\/api.w.org\/{rel}","templated":true}]}}