{"id":15038,"date":"2020-07-14T21:45:17","date_gmt":"2020-07-15T02:45:17","guid":{"rendered":"http:\/\/www.zonaroja.com.mx\/?p=15038"},"modified":"2020-07-14T21:45:22","modified_gmt":"2020-07-15T02:45:22","slug":"repunta-covid-en-oaxaca-hoy-186-casos-casi-acumula-ocho-mil-positivos","status":"publish","type":"post","link":"https:\/\/zonaroja.com.mx\/?p=15038","title":{"rendered":"Repunta Covid en Oaxaca: hoy 186 casos; casi acumula ocho mil positivos"},"content":{"rendered":"\n<p>Redacci\u00f3n\/Zona\nRoja.<\/p>\n\n\n\n<p>Oaxaca de\nJu\u00e1rez, Oax. 14 de julio de 2020. Con 186 casos positivos y 20 decesos por Covid-19\nen las \u00faltimas 24 horas, la incidencia acumulada de la epidemia en el\nterritorio oaxaque\u00f1o, ha llegado a los siete mil 964 pacientes confirmados y\n765 muertes.<\/p>\n\n\n\n<p>La\ndependencia Servicios de Salud de Oaxaca (SSO) inform\u00f3 en un comunicado que al\ncorte de este martes 14 de junio, la cifra de personas contagiadas en los\n\u00faltimos 14 d\u00edas alcanz\u00f3 los 518, siendo Oaxaca de Ju\u00e1rez la zona con mayor\nincidencia, al registrar 115, seguido de San Juan Bautista Tuxtepec con 88\nreportes.<\/p>\n\n\n\n<p>Del total\nde pacientes activos \u2013dijo- 249 se ubican en Valles Centrales, 104 en Tuxtepec,\n64 en el Istmo, 63 en la Mixteca, 26 en la Costa y 12 en la Sierra (Norte).<\/p>\n\n\n\n<p>Asever\u00f3 que este martes se identificaron 46 municipios con contagios nuevos, dentro de los que destacan: Oaxaca de Ju\u00e1rez con 48, Salina Cruz con 15, Santo Domingo Tehuantepec con 14, San Juan Bautista Tuxtepec con 11, Heroica Ciudad de Juchit\u00e1n de Zaragoza con 10 y Santa Luc\u00eda de Camino con nueve.<\/p>\n\n\n\n<figure class=\"wp-block-embed-twitter wp-block-embed is-type-rich is-provider-twitter\"><div class=\"wp-block-embed__wrapper\">\n<div class=\"twitter-tweet\"><blockquote class=\"twitter-tweet\" data-lang=\"es\"><p lang=\"es\" dir=\"ltr\">Para avanzar de manera segura hacia la <a href=\"https:\/\/twitter.com\/hashtag\/NuevaNormalidad?src=hash&amp;ref_src=twsrc%5Etfw\">#NuevaNormalidad<\/a>, <a href=\"https:\/\/twitter.com\/hashtag\/Oaxaca?src=hash&amp;ref_src=twsrc%5Etfw\">#Oaxaca<\/a> necesita la colaboraci\u00f3n de todas y todos en el autocuidado de la <a href=\"https:\/\/twitter.com\/hashtag\/Salud?src=hash&amp;ref_src=twsrc%5Etfw\">#Salud<\/a>.<br>Continuamos en riesgo alto por <a href=\"https:\/\/twitter.com\/hashtag\/COVID19?src=hash&amp;ref_src=twsrc%5Etfw\">#COVID19<\/a>, utiliza <a href=\"https:\/\/twitter.com\/hashtag\/Cubrebocas?src=hash&amp;ref_src=twsrc%5Etfw\">#Cubrebocas<\/a> en espacios p\u00fablicos, l\u00e1vate las manos frecuentemente y mant\u00e9n <a href=\"https:\/\/twitter.com\/hashtag\/SanaDistancia?src=hash&amp;ref_src=twsrc%5Etfw\">#SanaDistancia<\/a>. <a href=\"https:\/\/t.co\/e3AwAjgjDE\">pic.twitter.com\/e3AwAjgjDE<\/a><\/p>&mdash; Servicios de Salud (@SSO_GobOax) <a href=\"https:\/\/twitter.com\/SSO_GobOax\/status\/1283207050831425536?ref_src=twsrc%5Etfw\">15 de julio de 2020<\/a><\/blockquote><\/div>\n<\/div><\/figure>\n\n\n\n<p>Este d\u00eda\ntambi\u00e9n se incorpora a la lista de zonas de Covid-19 San Sim\u00f3n Zahuatl\u00e1n y San\nMateo Yucutindoo, ambos lugares con un caso cada uno.<\/p>\n\n\n\n<p>Se\u00f1al\u00f3\nque se han notificado mil 108 personas sospechosas, tres mil 784 han dado\nnegativo y seis mil 681 pacientes se han recuperado de la enfermedad\nrespiratoria.<\/p>\n\n\n\n<p>Mencion\u00f3\nque es necesario la colaboraci\u00f3n de la sociedad en la adopci\u00f3n estricta de las\nmedidas de distanciamiento social y uso de cubrebocas, pues as\u00ed ser\u00e1 la \u00fanica\nmanera de evitar el incremento de contagios.<\/p>\n\n\n\n<p>Exhort\u00f3 a\nlas y los comerciantes a cuidar la salud de sus empleados y clientes, al\nintercambiar billetes y monedas usar gel antibacterial, evitar tocarse la cara\ndurante la jornada laboral, limpiar y desinfectar constantemente las\nsuperficies que se tocan con frecuencia como estaciones de trabajo, cajas\nregistradoras, terminales de tarjetas bancarias, manijas de puertas o mesas, y\nlavarse las manos con agua y jab\u00f3n de manera frecuente.<\/p>\n","protected":false},"excerpt":{"rendered":"<p>Redacci\u00f3n\/Zona Roja. Oaxaca de Ju\u00e1rez, Oax. 14 de julio de 2020. Con 186 casos positivos&hellip;<\/p>\n","protected":false},"author":2,"featured_media":15039,"comment_status":"closed","ping_status":"open","sticky":false,"template":"","format":"standard","meta":{"_lmt_disableupdate":"","_lmt_disable":"","_jetpack_memberships_contains_paid_content":false,"footnotes":""},"categories":[109,47],"tags":[1512],"class_list":["post-15038","post","type-post","status-publish","format-standard","has-post-thumbnail","hentry","category-minuto-a-minuto","category-zona-gris","tag-coronavirus-oaxaca"],"jetpack_featured_media_url":"https:\/\/zonaroja.com.mx\/wp-content\/uploads\/2020\/07\/Casos-Covid-14-jul.jpg","jetpack_sharing_enabled":true,"_links":{"self":[{"href":"https:\/\/zonaroja.com.mx\/index.php?rest_route=\/wp\/v2\/posts\/15038","targetHints":{"allow":["GET"]}}],"collection":[{"href":"https:\/\/zonaroja.com.mx\/index.php?rest_route=\/wp\/v2\/posts"}],"about":[{"href":"https:\/\/zonaroja.com.mx\/index.php?rest_route=\/wp\/v2\/types\/post"}],"author":[{"embeddable":true,"href":"https:\/\/zonaroja.com.mx\/index.php?rest_route=\/wp\/v2\/users\/2"}],"replies":[{"embeddable":true,"href":"https:\/\/zonaroja.com.mx\/index.php?rest_route=%2Fwp%2Fv2%2Fcomments&post=15038"}],"version-history":[{"count":1,"href":"https:\/\/zonaroja.com.mx\/index.php?rest_route=\/wp\/v2\/posts\/15038\/revisions"}],"predecessor-version":[{"id":15040,"href":"https:\/\/zonaroja.com.mx\/index.php?rest_route=\/wp\/v2\/posts\/15038\/revisions\/15040"}],"wp:featuredmedia":[{"embeddable":true,"href":"https:\/\/zonaroja.com.mx\/index.php?rest_route=\/wp\/v2\/media\/15039"}],"wp:attachment":[{"href":"https:\/\/zonaroja.com.mx\/index.php?rest_route=%2Fwp%2Fv2%2Fmedia&parent=15038"}],"wp:term":[{"taxonomy":"category","embeddable":true,"href":"https:\/\/zonaroja.com.mx\/index.php?rest_route=%2Fwp%2Fv2%2Fcategories&post=15038"},{"taxonomy":"post_tag","embeddable":true,"href":"https:\/\/zonaroja.com.mx\/index.php?rest_route=%2Fwp%2Fv2%2Ftags&post=15038"}],"curies":[{"name":"wp","href":"https:\/\/api.w.org\/{rel}","templated":true}]}}