{"id":15041,"date":"2020-07-15T09:00:48","date_gmt":"2020-07-15T14:00:48","guid":{"rendered":"http:\/\/www.zonaroja.com.mx\/?p=15041"},"modified":"2020-07-14T22:00:52","modified_gmt":"2020-07-15T03:00:52","slug":"semaforo-delictivo-reprueba-a-oaxaca-en-combate-a-violencia-sexual-y-domestica","status":"publish","type":"post","link":"https:\/\/zonaroja.com.mx\/?p=15041","title":{"rendered":"Sem\u00e1foro Delictivo reprueba a Oaxaca en combate a violencia sexual y dom\u00e9stica"},"content":{"rendered":"\n<p>Redacci\u00f3n\/Estado 20. <\/p>\n\n\n\n<p>Oaxaca de Ju\u00e1rez, Oax., 15 de julio de\n2020.- Oaxaca fue reprobado en dos de los 11 rubros de seguridad que mide de\nmanera mensual la plataforma Sem\u00e1foro Delictivo; en seis ejes m\u00e1s, el estado\nfue ubicado con luz amarilla, debido a que la incidencia de actos il\u00edcitos se\nmantuvo pr\u00e1cticamente igual que la tendencia de meses anteriores.<\/p>\n\n\n\n<p>En este proceso de documentar la\nevoluci\u00f3n de la inseguridad en el pa\u00eds, Sem\u00e1foro Delictivo reprob\u00f3 a Oaxaca en\nlos delitos de violaci\u00f3n y violencia dom\u00e9stica, pues indic\u00f3 que, en el caso del\nprimer delito mencionado, durante el mes de mayo fueron registrados 463\nincidentes, nueve por encima de la media estatal, al tiempo que en el caso de\nlas violaciones sexuales, tambi\u00e9n durante mayo, fueron documentadas 61\ndenuncias, 18 por encima de la media estatal.<\/p>\n\n\n\n<p>Mientras tanto, los delitos en lo que\nOaxaca se mantuvo con luz amarilla fueron homicidio, secuestro, robo a\nveh\u00edculo, robo a casa, robo a negocio y lesiones; el sem\u00e1foro preventivo les\nfue otorgado debido a que todos esos actos criminales registraron pr\u00e1cticamente\nlos mismos n\u00fameros, con tendencia a la baja, que durante el mes de abril.<\/p>\n\n\n\n<p>Finalmente, Sem\u00e1foro Delictivo ubic\u00f3 a\nOaxaca con calificaci\u00f3n aprobatoria en extorsi\u00f3n, narcomenudeo y feminicidios,\ndebido a que los autores de la medici\u00f3n indicaron que la entidad logr\u00f3\nmantenerse en la meta mensual dentro del combate a la delincuencia.<\/p>\n\n\n\n<p>No obstante, es de mencionar que en el\nrubro de feminicidios, la ocurrencia de esos hechos se ha agrav\u00f3 durante junio\ny los primeros d\u00edas de julio, donde ha sido documentados m\u00faltiples casos,\nincluido el de una adolescente que fue asesinada junto con su hijo de un a\u00f1o y\nsus cuerpos incinerados por sus victimarios en San Miguel, Ejutla de Crespo.<\/p>\n","protected":false},"excerpt":{"rendered":"<p>Redacci\u00f3n\/Estado 20. Oaxaca de Ju\u00e1rez, Oax., 15 de julio de 2020.- Oaxaca fue reprobado en&hellip;<\/p>\n","protected":false},"author":2,"featured_media":15042,"comment_status":"closed","ping_status":"open","sticky":false,"template":"","format":"standard","meta":{"_lmt_disableupdate":"","_lmt_disable":"","_jetpack_memberships_contains_paid_content":false,"footnotes":""},"categories":[109,47],"tags":[1065],"class_list":["post-15041","post","type-post","status-publish","format-standard","has-post-thumbnail","hentry","category-minuto-a-minuto","category-zona-gris","tag-semaforo-delictivo"],"jetpack_featured_media_url":"https:\/\/zonaroja.com.mx\/wp-content\/uploads\/2020\/07\/Sem\u00e1foro.jpg","jetpack_sharing_enabled":true,"_links":{"self":[{"href":"https:\/\/zonaroja.com.mx\/index.php?rest_route=\/wp\/v2\/posts\/15041","targetHints":{"allow":["GET"]}}],"collection":[{"href":"https:\/\/zonaroja.com.mx\/index.php?rest_route=\/wp\/v2\/posts"}],"about":[{"href":"https:\/\/zonaroja.com.mx\/index.php?rest_route=\/wp\/v2\/types\/post"}],"author":[{"embeddable":true,"href":"https:\/\/zonaroja.com.mx\/index.php?rest_route=\/wp\/v2\/users\/2"}],"replies":[{"embeddable":true,"href":"https:\/\/zonaroja.com.mx\/index.php?rest_route=%2Fwp%2Fv2%2Fcomments&post=15041"}],"version-history":[{"count":2,"href":"https:\/\/zonaroja.com.mx\/index.php?rest_route=\/wp\/v2\/posts\/15041\/revisions"}],"predecessor-version":[{"id":15044,"href":"https:\/\/zonaroja.com.mx\/index.php?rest_route=\/wp\/v2\/posts\/15041\/revisions\/15044"}],"wp:featuredmedia":[{"embeddable":true,"href":"https:\/\/zonaroja.com.mx\/index.php?rest_route=\/wp\/v2\/media\/15042"}],"wp:attachment":[{"href":"https:\/\/zonaroja.com.mx\/index.php?rest_route=%2Fwp%2Fv2%2Fmedia&parent=15041"}],"wp:term":[{"taxonomy":"category","embeddable":true,"href":"https:\/\/zonaroja.com.mx\/index.php?rest_route=%2Fwp%2Fv2%2Fcategories&post=15041"},{"taxonomy":"post_tag","embeddable":true,"href":"https:\/\/zonaroja.com.mx\/index.php?rest_route=%2Fwp%2Fv2%2Ftags&post=15041"}],"curies":[{"name":"wp","href":"https:\/\/api.w.org\/{rel}","templated":true}]}}