{"id":15045,"date":"2020-07-14T22:12:54","date_gmt":"2020-07-15T03:12:54","guid":{"rendered":"http:\/\/www.zonaroja.com.mx\/?p=15045"},"modified":"2020-07-14T22:12:58","modified_gmt":"2020-07-15T03:12:58","slug":"sin-pistas-de-profesor-jubilado-desaparecido-en-putla-oaxaca","status":"publish","type":"post","link":"https:\/\/zonaroja.com.mx\/?p=15045","title":{"rendered":"Sin pistas de profesor jubilado desaparecido en Putla, Oaxaca"},"content":{"rendered":"\n<p>Redacci\u00f3n\/Zona\nRoja.<\/p>\n\n\n\n<p>Oaxaca de\nJu\u00e1rez, Oax., 14 de julio de 2020.- A cuatro d\u00edas de su desaparici\u00f3n, a\u00fan no\nhay pistas del profesor jubilado Jos\u00e9 Trinidad Portilla, quien fue visto por\n\u00faltima vez el pasado 11 de julio en Putla Villa de Guerrero.<\/p>\n\n\n\n<p>La\nSecci\u00f3n 22 del Sindicato Nacional de Trabajadores de la Educaci\u00f3n impulsa una\ncampa\u00f1a entre los agremiados y entre toda la sociedad, a fin de dar con el\nparadero del ex docente.<\/p>\n\n\n\n<p>Ayer lunes fue localizado el veh\u00edculo en que se\ntrasladaba el profesor, marca Nissan, tipo Versa, color blanco, en la localidad\nde La Guadalupe, Barrio Los Pobres, del municipio de San Pedro Amuzgos.<\/p>\n\n\n\n<p>Por ello,\ntaxistas acudieron a la sede de la Fiscal\u00eda General del Estado en Putla para\nexigir avances en la investigaci\u00f3n; asimismo, para pedir que no se libere a la\npersona que hab\u00eda sido detenida como sospechosa por la desaparici\u00f3n de Jos\u00e9\nTrinidad Portilla.<\/p>\n\n\n\n<p>No\nobstante, pese a que seg\u00fan las evidencias \u2013seg\u00fan los familiares&#8211;, incluyendo\nobjetos que le hallaron al detenido, fue puesto en libertad y hasta ahora no\nhay m\u00e1s pistas.<\/p>\n\n\n\n<p>El ex\nprofesor fue visto por \u00faltima vez la tarde del pasado s\u00e1bado 11 de julio, en el\nbarrio Palo de Obo.<\/p>\n\n\n\n<p>Al\nmomento de su desaparici\u00f3n, seg\u00fan lo informado, Jos\u00e9 Trinidad<\/p>\n\n\n\n<p>vest\u00eda\npantal\u00f3n azul de mezclilla, playera color blanco con franjas color azul y\nzapatos negros.<\/p>\n","protected":false},"excerpt":{"rendered":"<p>Redacci\u00f3n\/Zona Roja. Oaxaca de Ju\u00e1rez, Oax., 14 de julio de 2020.- A cuatro d\u00edas de&hellip;<\/p>\n","protected":false},"author":2,"featured_media":15046,"comment_status":"closed","ping_status":"open","sticky":false,"template":"","format":"standard","meta":{"_lmt_disableupdate":"","_lmt_disable":"","_jetpack_memberships_contains_paid_content":false,"footnotes":""},"categories":[109,47],"tags":[1835,969],"class_list":["post-15045","post","type-post","status-publish","format-standard","has-post-thumbnail","hentry","category-minuto-a-minuto","category-zona-gris","tag-jose-trinidad-portilla","tag-putla-villa-de-guerrero"],"jetpack_featured_media_url":"https:\/\/zonaroja.com.mx\/wp-content\/uploads\/2020\/07\/Profesor-Jos\u00e9-Trinidad-Portilla.jpg","jetpack_sharing_enabled":true,"_links":{"self":[{"href":"https:\/\/zonaroja.com.mx\/index.php?rest_route=\/wp\/v2\/posts\/15045","targetHints":{"allow":["GET"]}}],"collection":[{"href":"https:\/\/zonaroja.com.mx\/index.php?rest_route=\/wp\/v2\/posts"}],"about":[{"href":"https:\/\/zonaroja.com.mx\/index.php?rest_route=\/wp\/v2\/types\/post"}],"author":[{"embeddable":true,"href":"https:\/\/zonaroja.com.mx\/index.php?rest_route=\/wp\/v2\/users\/2"}],"replies":[{"embeddable":true,"href":"https:\/\/zonaroja.com.mx\/index.php?rest_route=%2Fwp%2Fv2%2Fcomments&post=15045"}],"version-history":[{"count":1,"href":"https:\/\/zonaroja.com.mx\/index.php?rest_route=\/wp\/v2\/posts\/15045\/revisions"}],"predecessor-version":[{"id":15047,"href":"https:\/\/zonaroja.com.mx\/index.php?rest_route=\/wp\/v2\/posts\/15045\/revisions\/15047"}],"wp:featuredmedia":[{"embeddable":true,"href":"https:\/\/zonaroja.com.mx\/index.php?rest_route=\/wp\/v2\/media\/15046"}],"wp:attachment":[{"href":"https:\/\/zonaroja.com.mx\/index.php?rest_route=%2Fwp%2Fv2%2Fmedia&parent=15045"}],"wp:term":[{"taxonomy":"category","embeddable":true,"href":"https:\/\/zonaroja.com.mx\/index.php?rest_route=%2Fwp%2Fv2%2Fcategories&post=15045"},{"taxonomy":"post_tag","embeddable":true,"href":"https:\/\/zonaroja.com.mx\/index.php?rest_route=%2Fwp%2Fv2%2Ftags&post=15045"}],"curies":[{"name":"wp","href":"https:\/\/api.w.org\/{rel}","templated":true}]}}