{"id":15048,"date":"2020-07-15T07:59:25","date_gmt":"2020-07-15T12:59:25","guid":{"rendered":"http:\/\/www.zonaroja.com.mx\/?p=15048"},"modified":"2020-07-15T07:59:30","modified_gmt":"2020-07-15T12:59:30","slug":"la-ola-epidemica-se-mantendra-en-mexico-en-2020-y-2021-pnud","status":"publish","type":"post","link":"https:\/\/zonaroja.com.mx\/?p=15048","title":{"rendered":"La ola epid\u00e9mica se mantendr\u00e1 en M\u00e9xico en 2020 y 2021: PNUD"},"content":{"rendered":"\n<p>Redacci\u00f3n\/Zona\nRoja Cdmx.<\/p>\n\n\n\n<p>Ciudad de M\u00e9xico, 15 de julio de 2020.- Las medidas del gobierno mexicano para la reapertura econ\u00f3mica y el comportamiento de la pandemia de Covid-19 en las tasas de contagio podr\u00edan sugerir que la ola epid\u00e9mica se mantendr\u00e1 durante 2020 y 2021, advierte un informe del Programa de Naciones Unidas para el Desarrollo (PNUD) en M\u00e9xico.<\/p>\n\n\n\n<p>Ayer, el\nreporte sobre el comportamiento de la pandemia en el pa\u00eds indic\u00f3 que se sumaron\n7 mil 51 casos confirmados \u2013el lunes fueron 4 mil 685\u2013, para un acumulado de\n311 mil 486, mientras en defunciones se agregaron al registro 836, contra 485\ndel d\u00eda previo, con lo que la cantidad de personas que han perdido la vida por\nel coronavirus lleg\u00f3 a 36 mil 327.<\/p>\n\n\n\n<p>En tanto, el reporte \u201cDesarrollo humano y Covid-19 en M\u00e9xico: Desaf\u00edos para una recuperaci\u00f3n sostenible\u201d, el PNUD se\u00f1ala que, de acuerdo con proyecciones internacionales, nuestro pa\u00eds rebasar\u00e1 90 mil muertes a principios de octubre de este a\u00f1o.<\/p>\n\n\n\n<p>Enfatiza\nque a pesar de que un elemento clave para el rastreo de la evoluci\u00f3n de la\npandemia consiste en la aplicaci\u00f3n de pruebas diagn\u00f3sticas entre la poblaci\u00f3n,\nM\u00e9xico est\u00e1 por debajo del promedio de Am\u00e9rica Latina, por lo que el n\u00famero de\ninfecciones puede ser mucho mayor al reportado oficialmente.<\/p>\n\n\n\n<p>El \u00faltimo\npromedio reportado para M\u00e9xico es de 65 pruebas por mill\u00f3n de habitantes, a\u00fan\nmuy por debajo del promedio de 305 reportado para los pa\u00edses de Am\u00e9rica Latina\ny el Caribe, y de las 769 pruebas en promedio realizadas en un conjunto de 89\npa\u00edses. <\/p>\n\n\n\n<p>\u201cLa\nposici\u00f3n de M\u00e9xico nos indica que el n\u00famero de casos confirmados es alto en\nrelaci\u00f3n con el alcance de las pruebas\u201d, se\u00f1ala el documento presentado ayer.<\/p>\n\n\n\n<p>En el\npa\u00eds existe la hip\u00f3tesis de un subreporte de casos positivos m\u00e1s importante que\nen otras naciones, lo que puede dar informaci\u00f3n equivocada para la evaluaci\u00f3n\nde riesgos entre la poblaci\u00f3n, generando una falsa impresi\u00f3n de seguridad y en\nconsecuencia disminuyendo la aversi\u00f3n de los habitantes a relajar las medidas\nde protecci\u00f3n y\/o de distanciamiento social, enfatiza el PNUD.<\/p>\n\n\n\n<p>El\ninforme hace una serie de recomendaciones, entre las cuales destaca que para\nprevenir nuevos brotes y tener mejor capacidad de respuesta en el futuro se\ndebe realizar investigaci\u00f3n serol\u00f3gica con el fin de conocer la prevalencia\nreal del Covid-19, as\u00ed como los factores relacionados con la infecci\u00f3n en lo\nreferente al entorno socioecon\u00f3mico y la posibilidad de aspectos gen\u00e9ticos que\nincidan en la transmisi\u00f3n y en la severidad de la infecci\u00f3n.<\/p>\n\n\n\n<p>(Informaci\u00f3n\nde \u201cLa Jornada\u201d)<\/p>\n","protected":false},"excerpt":{"rendered":"<p>Redacci\u00f3n\/Zona Roja Cdmx. Ciudad de M\u00e9xico, 15 de julio de 2020.- Las medidas del gobierno&hellip;<\/p>\n","protected":false},"author":2,"featured_media":13052,"comment_status":"closed","ping_status":"open","sticky":false,"template":"","format":"standard","meta":{"_lmt_disableupdate":"","_lmt_disable":"","_jetpack_memberships_contains_paid_content":false,"footnotes":""},"categories":[109,47],"tags":[1328],"class_list":["post-15048","post","type-post","status-publish","format-standard","has-post-thumbnail","hentry","category-minuto-a-minuto","category-zona-gris","tag-coronavirus-mexico"],"jetpack_featured_media_url":"https:\/\/zonaroja.com.mx\/wp-content\/uploads\/2020\/05\/Coronavirus-M\u00e9xico-1.jpg","jetpack_sharing_enabled":true,"_links":{"self":[{"href":"https:\/\/zonaroja.com.mx\/index.php?rest_route=\/wp\/v2\/posts\/15048","targetHints":{"allow":["GET"]}}],"collection":[{"href":"https:\/\/zonaroja.com.mx\/index.php?rest_route=\/wp\/v2\/posts"}],"about":[{"href":"https:\/\/zonaroja.com.mx\/index.php?rest_route=\/wp\/v2\/types\/post"}],"author":[{"embeddable":true,"href":"https:\/\/zonaroja.com.mx\/index.php?rest_route=\/wp\/v2\/users\/2"}],"replies":[{"embeddable":true,"href":"https:\/\/zonaroja.com.mx\/index.php?rest_route=%2Fwp%2Fv2%2Fcomments&post=15048"}],"version-history":[{"count":1,"href":"https:\/\/zonaroja.com.mx\/index.php?rest_route=\/wp\/v2\/posts\/15048\/revisions"}],"predecessor-version":[{"id":15049,"href":"https:\/\/zonaroja.com.mx\/index.php?rest_route=\/wp\/v2\/posts\/15048\/revisions\/15049"}],"wp:featuredmedia":[{"embeddable":true,"href":"https:\/\/zonaroja.com.mx\/index.php?rest_route=\/wp\/v2\/media\/13052"}],"wp:attachment":[{"href":"https:\/\/zonaroja.com.mx\/index.php?rest_route=%2Fwp%2Fv2%2Fmedia&parent=15048"}],"wp:term":[{"taxonomy":"category","embeddable":true,"href":"https:\/\/zonaroja.com.mx\/index.php?rest_route=%2Fwp%2Fv2%2Fcategories&post=15048"},{"taxonomy":"post_tag","embeddable":true,"href":"https:\/\/zonaroja.com.mx\/index.php?rest_route=%2Fwp%2Fv2%2Ftags&post=15048"}],"curies":[{"name":"wp","href":"https:\/\/api.w.org\/{rel}","templated":true}]}}