{"id":15050,"date":"2020-07-15T08:09:48","date_gmt":"2020-07-15T13:09:48","guid":{"rendered":"http:\/\/www.zonaroja.com.mx\/?p=15050"},"modified":"2020-07-15T08:09:51","modified_gmt":"2020-07-15T13:09:51","slug":"otorgan-laurel-al-litigio-del-ano-a-abogada-de-litigio-estrategico-indigena","status":"publish","type":"post","link":"https:\/\/zonaroja.com.mx\/?p=15050","title":{"rendered":"Otorgan \u201cLaurel al Litigio del a\u00f1o\u201d a abogada de Litigio Estrat\u00e9gico Ind\u00edgena"},"content":{"rendered":"\n<p>Redacci\u00f3n\/Zona\nRoja.<\/p>\n\n\n\n<p>Oaxaca de\nJu\u00e1rez, Oax., 15 de julio de 2020.- En el marco del D\u00eda de la Abogada y Abogado,\nla Barra Latinoamericana de Abogados Carlos Santiago Nino, otorg\u00f3 el \u201cLaurel al\nLitigio del a\u00f1o\u201d a la maestra en ciencias penales Mariana Y\u00e1\u00f1ez Unda,\nvicepresidenta de Litigio Estrat\u00e9gico Ind\u00edgena A.C. por haber obtenido la\nhist\u00f3rica sentencia del amparo en revisi\u00f3n 1144\/2020, pronunciada por la\nSegunda Sala de la Suprema Corte de Justicia de la Naci\u00f3n.<\/p>\n\n\n\n<p>La\nabogada oaxaque\u00f1a recibi\u00f3 el reconocimiento por haber postulado, como\nvicepresidenta de Litigio Estrat\u00e9gico Ind\u00edgena Asociaci\u00f3n Civil, un juicio de\namparo que el 10 de junio pasado fue resuelto definitivamente por la Segunda\nSala de la Suprema Corte de Justicia de la Naci\u00f3n.<\/p>\n\n\n\n<p>En esta\nhist\u00f3rica sentencia, el alto tribunal del pa\u00eds orden\u00f3 al Congreso de la Uni\u00f3n\nconstruya la Ley General de Consulta Previa, Libre e Informada y de Buena Fe\npara los pueblos y comunidades ind\u00edgenas de M\u00e9xico, en virtud de que el Poder\nLegislativo federal ha sido omiso en la elaboraci\u00f3n de dicha ley que es\nnecesaria para que los pueblos ind\u00edgenas sean escuchados cuando el gobierno\npretenda implementar megaproyectos que les afecten.<\/p>\n\n\n\n<p>La\nactividad transmitida a trav\u00e9s de la plataforma Zoom y del Facebook Live\nconvoc\u00f3 a una gran cantidad de abogadas y abogados de la Rep\u00fablica Mexicana y\nde Latinoam\u00e9rica. <\/p>\n\n\n\n<p>El evento\norganizado y conducido por el doctor en derecho Rodolfo Moreno Cruz, presidente\nde la Barra de Abogados, otorg\u00f3 reconocimientos a diversos abogados del foro\njur\u00eddico latinoamericano.<\/p>\n\n\n\n<p>En el\ndiscurso pronunciado por Mariana Y\u00e1\u00f1ez Unda, expres\u00f3:<\/p>\n\n\n\n<p>\u201cRecibo el\nreconocimiento como una mujer que trabaja para romper los techos de cristal.\nComo una persona que d\u00eda a d\u00eda se moviliza para lograr sus objetivos, asumir\nsus compromisos y luchar por la justicia. El litigio ha sido mi mecanismo de\nempoderamiento. Las mujeres actuales no solo luchamos por concretar nuestra\nvida personal, afrontamos retos para conseguir un mundo m\u00e1s justo y equilibrado\u201d.<\/p>\n\n\n\n<p>Litigio\nEstrat\u00e9gico Ind\u00edgena es una asociaci\u00f3n civil, que no recibe financiamiento de\nninguna especie, que ha obtenido sentencias hist\u00f3ricas ante el Poder Judicial\nde la Federaci\u00f3n entre las que destaca la que ordena el rescate de los r\u00edos \u201cSalado\u201d\ny \u201cAtoyac\u201d y la que orden\u00f3 al Congreso de Oaxaca la construcci\u00f3n de la Ley de\nConsulta ind\u00edgena para el Estado de Oaxaca que fue publicada el 20 de febrero\nde 2020.<\/p>\n\n\n\n<p>En el mes\nde marzo pasado, con motivo del d\u00eda de la mujer, el ayuntamiento de la ciudad\nde Oaxaca, otorg\u00f3 a Mariana Y\u00e1\u00f1ez Unda, el reconocimiento \u201cMujer Oaxaque\u00f1a,\nAntonia Labastida de la Lanza\u201d.<\/p>\n\n\n\n<p>La\nabogada oaxaque\u00f1a es maestra en Ciencias Penales por la Universidad Aut\u00f3noma\n\u201cBenito Ju\u00e1rez\u201d de Oaxaca y becaria de la Asociaci\u00f3n DeJusticia en Sarayak\u00fa,\nEcuador.<\/p>\n","protected":false},"excerpt":{"rendered":"<p>Redacci\u00f3n\/Zona Roja. Oaxaca de Ju\u00e1rez, Oax., 15 de julio de 2020.- En el marco del&hellip;<\/p>\n","protected":false},"author":2,"featured_media":15051,"comment_status":"closed","ping_status":"open","sticky":false,"template":"","format":"standard","meta":{"_lmt_disableupdate":"","_lmt_disable":"","_jetpack_memberships_contains_paid_content":false,"footnotes":""},"categories":[109,46],"tags":[897],"class_list":["post-15050","post","type-post","status-publish","format-standard","has-post-thumbnail","hentry","category-minuto-a-minuto","category-zona-blanca","tag-litigio-estrategico-indigena"],"jetpack_featured_media_url":"https:\/\/zonaroja.com.mx\/wp-content\/uploads\/2020\/07\/Mar\u00eda-Y\u00e1\u00f1ez-Unda.jpg","jetpack_sharing_enabled":true,"_links":{"self":[{"href":"https:\/\/zonaroja.com.mx\/index.php?rest_route=\/wp\/v2\/posts\/15050","targetHints":{"allow":["GET"]}}],"collection":[{"href":"https:\/\/zonaroja.com.mx\/index.php?rest_route=\/wp\/v2\/posts"}],"about":[{"href":"https:\/\/zonaroja.com.mx\/index.php?rest_route=\/wp\/v2\/types\/post"}],"author":[{"embeddable":true,"href":"https:\/\/zonaroja.com.mx\/index.php?rest_route=\/wp\/v2\/users\/2"}],"replies":[{"embeddable":true,"href":"https:\/\/zonaroja.com.mx\/index.php?rest_route=%2Fwp%2Fv2%2Fcomments&post=15050"}],"version-history":[{"count":1,"href":"https:\/\/zonaroja.com.mx\/index.php?rest_route=\/wp\/v2\/posts\/15050\/revisions"}],"predecessor-version":[{"id":15052,"href":"https:\/\/zonaroja.com.mx\/index.php?rest_route=\/wp\/v2\/posts\/15050\/revisions\/15052"}],"wp:featuredmedia":[{"embeddable":true,"href":"https:\/\/zonaroja.com.mx\/index.php?rest_route=\/wp\/v2\/media\/15051"}],"wp:attachment":[{"href":"https:\/\/zonaroja.com.mx\/index.php?rest_route=%2Fwp%2Fv2%2Fmedia&parent=15050"}],"wp:term":[{"taxonomy":"category","embeddable":true,"href":"https:\/\/zonaroja.com.mx\/index.php?rest_route=%2Fwp%2Fv2%2Fcategories&post=15050"},{"taxonomy":"post_tag","embeddable":true,"href":"https:\/\/zonaroja.com.mx\/index.php?rest_route=%2Fwp%2Fv2%2Ftags&post=15050"}],"curies":[{"name":"wp","href":"https:\/\/api.w.org\/{rel}","templated":true}]}}