{"id":15059,"date":"2020-07-15T10:14:50","date_gmt":"2020-07-15T15:14:50","guid":{"rendered":"http:\/\/www.zonaroja.com.mx\/?p=15059"},"modified":"2020-07-15T10:14:55","modified_gmt":"2020-07-15T15:14:55","slug":"los-examenes-de-admision-uabjo-se-posponen-para-agosto","status":"publish","type":"post","link":"https:\/\/zonaroja.com.mx\/?p=15059","title":{"rendered":"Los ex\u00e1menes de admisi\u00f3n UABJO se posponen para agosto"},"content":{"rendered":"\n<p>Redacci\u00f3n\/Zona\nRoja.<\/p>\n\n\n\n<p>Oaxaca de\nJu\u00e1rez, Oax., 15 de julio de 2020.- Ante la contingencia sanitaria por Covid-19\ny para salvaguardar la salud e integridad de la comunidad de aspirantes,\nautoridades acad\u00e9micas de la Universidad Aut\u00f3noma \u201cBenito Ju\u00e1rez\u201d de Oaxaca\n(UABJO), determinaron posponer los ex\u00e1menes de admisi\u00f3n a los 31 Programas Educativos\nque se ofertan para el ciclo escolar 2020-2021.<\/p>\n\n\n\n<p>Lo\nanterior en la quinta reuni\u00f3n virtual convocada por el secretario Acad\u00e9mico,\nJavier Mart\u00ednez Mar\u00edn, con la presencia del rector de la Universidad, Eduardo\nBautista Mart\u00ednez, as\u00ed como directoras y directores de las diferentes Unidades\nAcad\u00e9micas de Nivel Superior.<\/p>\n\n\n\n<p>De esta\nmanera, el Examen Preferente, que es para aspirantes provenientes de los\nbachilleratos de la propia Universidad, el cual estaba previsto para el 16 y 17\nde julio, se pospone para el mes de agosto, las fechas exactas se indicar\u00e1n el\n27 de julio en la Boleta Credencial, la cual deber\u00e1 ser impresa nuevamente a\npartir de ese d\u00eda.<\/p>\n\n\n\n<p>En lo que\ncorresponde al Examen de Admisi\u00f3n General Presencial, que se aplicar\u00eda del 20\nde julio al 9 de agosto, \u00e9ste se reprograma para su realizaci\u00f3n del 24 de\nagosto al 05 de septiembre, por lo que se pide a las y los aspirantes imprimir\nnuevamente su Boleta Credencial del 19 al 22 de agosto, en ella se indicar\u00e1 el\nd\u00eda, la hora y la modalidad de aplicaci\u00f3n.<\/p>\n\n\n\n<p>El Examen\nDiagn\u00f3stico, ser\u00e1 en l\u00ednea del 7 al 14 de agosto conforme a lo indicado, por lo\nque se informa a las y los aspirantes realizarlo en la hora, fecha y el link\nindicado con anterioridad.<\/p>\n\n\n\n<p>\u201cEs\nimportante el acuerdo que se est\u00e1 tomando para avanzar en el proceso de\nadmisi\u00f3n, considerando la situaci\u00f3n real de la pandemia y anteponiendo siempre\nla salud de estudiantes, docentes y personal administrativo\u201d, refiri\u00f3 el rector\nEduardo Bautista.<\/p>\n\n\n\n<p>El secretario\nAcad\u00e9mico, explic\u00f3 que todos los ex\u00e1menes se aplicar\u00e1n con las medidas de\nprecauci\u00f3n y mecanismos de seguridad correspondientes en las modalidades que se\ndeterminen.<\/p>\n\n\n\n<p>Las\nautoridades acad\u00e9micas se reunir\u00e1n nuevamente el 17 de agosto para definir la\nmodalidad de presentaci\u00f3n del Examen General, con estricto apego a la\nnormatividad, institucionalidad y a las medidas de salud indicadas.<\/p>\n\n\n\n<p>Finalmente\nse recomienda a la comunidad de aspirantes a las licenciaturas que ofrece la\nUABJO, ingresar a la p\u00e1gina: http:\/\/www.admision.uabjo.mx\/, donde se encuentra\ndisponible la informaci\u00f3n actualizada sobre el proceso de admisi\u00f3n.<\/p>\n\n\n\n<p>As\u00ed como\nestar pendientes de las redes de Comunicaci\u00f3n Social UABJO y de las Unidades\nAcad\u00e9micas que hayan elegido. En caso de alguna duda, enviar un correo a:\ndireccionevaluacion@uabjo.mx.<\/p>\n","protected":false},"excerpt":{"rendered":"<p>Redacci\u00f3n\/Zona Roja. Oaxaca de Ju\u00e1rez, Oax., 15 de julio de 2020.- Ante la contingencia sanitaria&hellip;<\/p>\n","protected":false},"author":2,"featured_media":15060,"comment_status":"closed","ping_status":"open","sticky":false,"template":"","format":"standard","meta":{"_lmt_disableupdate":"","_lmt_disable":"","_jetpack_memberships_contains_paid_content":false,"footnotes":""},"categories":[109,46],"tags":[282],"class_list":["post-15059","post","type-post","status-publish","format-standard","has-post-thumbnail","hentry","category-minuto-a-minuto","category-zona-blanca","tag-universidad-autonoma-benito-juarez-de-oaxaca"],"jetpack_featured_media_url":"https:\/\/zonaroja.com.mx\/wp-content\/uploads\/2020\/07\/3-4.jpg","jetpack_sharing_enabled":true,"_links":{"self":[{"href":"https:\/\/zonaroja.com.mx\/index.php?rest_route=\/wp\/v2\/posts\/15059","targetHints":{"allow":["GET"]}}],"collection":[{"href":"https:\/\/zonaroja.com.mx\/index.php?rest_route=\/wp\/v2\/posts"}],"about":[{"href":"https:\/\/zonaroja.com.mx\/index.php?rest_route=\/wp\/v2\/types\/post"}],"author":[{"embeddable":true,"href":"https:\/\/zonaroja.com.mx\/index.php?rest_route=\/wp\/v2\/users\/2"}],"replies":[{"embeddable":true,"href":"https:\/\/zonaroja.com.mx\/index.php?rest_route=%2Fwp%2Fv2%2Fcomments&post=15059"}],"version-history":[{"count":1,"href":"https:\/\/zonaroja.com.mx\/index.php?rest_route=\/wp\/v2\/posts\/15059\/revisions"}],"predecessor-version":[{"id":15061,"href":"https:\/\/zonaroja.com.mx\/index.php?rest_route=\/wp\/v2\/posts\/15059\/revisions\/15061"}],"wp:featuredmedia":[{"embeddable":true,"href":"https:\/\/zonaroja.com.mx\/index.php?rest_route=\/wp\/v2\/media\/15060"}],"wp:attachment":[{"href":"https:\/\/zonaroja.com.mx\/index.php?rest_route=%2Fwp%2Fv2%2Fmedia&parent=15059"}],"wp:term":[{"taxonomy":"category","embeddable":true,"href":"https:\/\/zonaroja.com.mx\/index.php?rest_route=%2Fwp%2Fv2%2Fcategories&post=15059"},{"taxonomy":"post_tag","embeddable":true,"href":"https:\/\/zonaroja.com.mx\/index.php?rest_route=%2Fwp%2Fv2%2Ftags&post=15059"}],"curies":[{"name":"wp","href":"https:\/\/api.w.org\/{rel}","templated":true}]}}