{"id":15062,"date":"2020-07-15T13:33:00","date_gmt":"2020-07-15T18:33:00","guid":{"rendered":"https:\/\/www.zonaroja.com.mx\/?p=15062"},"modified":"2020-07-15T13:33:09","modified_gmt":"2020-07-15T18:33:09","slug":"confirman-asesinato-de-profesor-jubilado-seccion-22-exige-justicia","status":"publish","type":"post","link":"https:\/\/zonaroja.com.mx\/?p=15062","title":{"rendered":"Confirman asesinato de profesor jubilado; Secci\u00f3n 22 exige justicia"},"content":{"rendered":"\n<p><br>Yuridiana Sosa\/Zona Roja. <\/p>\n\n\n\n<p>Oaxaca d\u00e9 Ju\u00e1rez, Oax., 15 de julio de 2020.- La Secci\u00f3n 22 del SNTE confirm\u00f3 el asesinato del profesor jubilado Jos\u00e9 Trinidad Portillo y exigi\u00f3 a la Fiscal\u00eda General de Oaxaca indague, detenga al o los responsables y haga justicia a la brevedad.<\/p>\n\n\n\n<p>Trinidad Portillo fue localizado sin vida tras cuatro d\u00edas de su desaparici\u00f3n. <\/p>\n\n\n\n<p>Su cuerpo se hall\u00f3 en el tramo carretero de la comunidad de Santa Mar\u00eda Zacatepec a San Pedro Amuzgos, en la localidad de la Guadalupe, Barrio de los Pobres del municipio de Amuzgos.<br>El pasado 11 de julio fue la \u00faltima vez visto con vida al salir de su domicilio en el barrio Palo de Obo de Putla Villa de Guerrero, mientras que <a href=\"\/\/3\">el lunes por la noche<\/a> en la localidad de La Guadalupe, Barrio Los Pobres, del municipio de San Pedro Amuzgos, se localiz\u00f3 el veh\u00edculo en que se trasladaba, pero no su cuerpo.<\/p>\n\n\n\n<p>Ante la no localizaci\u00f3n del profesor desde el pasado s\u00e1bado, la familia y la Secci\u00f3n 22 del SNTE comenzaron con la difusi\u00f3n para la b\u00fasqueda de la v\u00edctima.<\/p>\n\n\n\n<p>\u201cExigimos a la Fiscal\u00eda General que encabeza Rub\u00e9n Vasconcelos M\u00e9ndez, una investigaci\u00f3n inmediata para dar con el o los responsables de su muerte \u201c, difundi\u00f3 la gremial a trav\u00e9s de un mensaje emitido en redes sociales. <\/p>\n","protected":false},"excerpt":{"rendered":"<p>Yuridiana Sosa\/Zona Roja. Oaxaca d\u00e9 Ju\u00e1rez, Oax., 15 de julio de 2020.- La Secci\u00f3n 22&hellip;<\/p>\n","protected":false},"author":2,"featured_media":15057,"comment_status":"closed","ping_status":"open","sticky":false,"template":"","format":"standard","meta":{"_lmt_disableupdate":"","_lmt_disable":"","_jetpack_memberships_contains_paid_content":false,"footnotes":""},"categories":[109,51],"tags":[1835],"class_list":["post-15062","post","type-post","status-publish","format-standard","has-post-thumbnail","hentry","category-minuto-a-minuto","category-zona-roja","tag-jose-trinidad-portilla"],"jetpack_featured_media_url":"https:\/\/zonaroja.com.mx\/wp-content\/uploads\/2020\/07\/Jos\u00e9-Trinidad-Portilla.jpg","jetpack_sharing_enabled":true,"_links":{"self":[{"href":"https:\/\/zonaroja.com.mx\/index.php?rest_route=\/wp\/v2\/posts\/15062","targetHints":{"allow":["GET"]}}],"collection":[{"href":"https:\/\/zonaroja.com.mx\/index.php?rest_route=\/wp\/v2\/posts"}],"about":[{"href":"https:\/\/zonaroja.com.mx\/index.php?rest_route=\/wp\/v2\/types\/post"}],"author":[{"embeddable":true,"href":"https:\/\/zonaroja.com.mx\/index.php?rest_route=\/wp\/v2\/users\/2"}],"replies":[{"embeddable":true,"href":"https:\/\/zonaroja.com.mx\/index.php?rest_route=%2Fwp%2Fv2%2Fcomments&post=15062"}],"version-history":[{"count":1,"href":"https:\/\/zonaroja.com.mx\/index.php?rest_route=\/wp\/v2\/posts\/15062\/revisions"}],"predecessor-version":[{"id":15063,"href":"https:\/\/zonaroja.com.mx\/index.php?rest_route=\/wp\/v2\/posts\/15062\/revisions\/15063"}],"wp:featuredmedia":[{"embeddable":true,"href":"https:\/\/zonaroja.com.mx\/index.php?rest_route=\/wp\/v2\/media\/15057"}],"wp:attachment":[{"href":"https:\/\/zonaroja.com.mx\/index.php?rest_route=%2Fwp%2Fv2%2Fmedia&parent=15062"}],"wp:term":[{"taxonomy":"category","embeddable":true,"href":"https:\/\/zonaroja.com.mx\/index.php?rest_route=%2Fwp%2Fv2%2Fcategories&post=15062"},{"taxonomy":"post_tag","embeddable":true,"href":"https:\/\/zonaroja.com.mx\/index.php?rest_route=%2Fwp%2Fv2%2Ftags&post=15062"}],"curies":[{"name":"wp","href":"https:\/\/api.w.org\/{rel}","templated":true}]}}