{"id":15068,"date":"2020-07-15T14:10:04","date_gmt":"2020-07-15T19:10:04","guid":{"rendered":"https:\/\/www.zonaroja.com.mx\/?p=15068"},"modified":"2020-07-15T14:12:46","modified_gmt":"2020-07-15T19:12:46","slug":"15068","status":"publish","type":"post","link":"https:\/\/zonaroja.com.mx\/?p=15068","title":{"rendered":"Con f\u00e9retro, trabajadores tur\u00edsticos declaran la muerte de sector ante el abandono oficial"},"content":{"rendered":"\n<p>Evlin Arag\u00f3n\/Zona Roja.<\/p>\n\n\n\n<p>Con un f\u00e9retro negro a cuestas, con la palabra turismo escrita en letras blancas en su cubierta, as\u00ed marcharon,&nbsp;<a href=\"\/\/0\">este mi\u00e9rcoles<\/a>, prestadores de servicios tur\u00edsticos, en un acto desesperado por pedir apoyos para la reactivaci\u00f3n econ\u00f3mica que se ha vuelto urgente en la entidad oaxaque\u00f1a.<\/p>\n\n\n\n<p>Se trata de la segunda manifestaci\u00f3n que se registr\u00f3 este d\u00eda en la capital de la Oaxaca para evidenciar la crisis econ\u00f3mica que se vive debido a la contingencia sanitaria por Covid-19 y la falta de apoyo por parte del gobierno encabezado por Alejandro Murat.<\/p>\n\n\n\n<p>Gu\u00edas de turistas, artesanos de la zona arqueol\u00f3gica de Monte Alb\u00e1n y transportistas, agrupados en el Frente Oaxaque\u00f1o de Recuperaci\u00f3n Tur\u00edstica (Fortur), marcharon de la fuente de las Ocho Regiones a las instalaciones de la Secretar\u00eda de Turismo, portando pancartas y cruces, siguiendo la tem\u00e1tica de la agon\u00eda y muerte del turismo en la capital que a estas alturas, en a\u00f1os anteriores, estar\u00eda abarrotada de visitantes debido a las festividades de la Guelaguetza.&nbsp;<\/p>\n\n\n\n<p>\u201cTravel &amp; Leisure \u00bfC\u00f3mo podemos ser la mejor ciudad para visitar si el sector tur\u00edstico est\u00e1 en el olvido? Se\u00f1or gobernador, exigimos apoyos, tenemos 100 d\u00edas in trabajo. Exigimos una mesa de dialogo con el gobernador Alejandro Murat\u201d, fueron parte de los mensajes escritos en las pancartas.<\/p>\n\n\n\n<p>Las y los manifestantes arribaron a las instalaciones de la dependencia encargada de la pol\u00edtica p\u00fablica en el sector tur\u00edstico, que encabeza Juan Carlos Rivera Castellanos, en donde exigieron la atenci\u00f3n puntual a su pliego de peticiones, que independientemente de apoyos emergentes, busca pr\u00e9stamos financieros con tasas blandas para impedir la quiebra de empresas peque\u00f1as.&nbsp;<\/p>\n\n\n\n<p>La actividad se replic\u00f3 Santa Cruz Huatulco y Puerto Escondido, donde gu\u00edas de turistas marcharon simult\u00e1neamente para pedir al gobierno del estado una mesa de trabajo que les permitan apoyo emergente, ello luego de cuatro meses de no contar con ingresos debido a la pausa obligada en el sector tur\u00edstico debido a la contingencia sanitaria.<\/p>\n\n\n\n<p>Y es que, aunque el gobierno de Oaxaca anunci\u00f3 apoyos importantes para el sector, a trav\u00e9s de las secretar\u00edas de Turismo y Econom\u00eda, la realidad es que hasta el momento se desconoce si se consolidaron y a quienes beneficiaron, en medio de una crisis econ\u00f3mica que apenas inicia en la entidad.<\/p>\n\n\n\n<figure class=\"wp-block-image size-large\"><img decoding=\"async\" width=\"1280\" height=\"619\" src=\"https:\/\/www.zonaroja.com.mx\/wp-content\/uploads\/2020\/07\/2847a6f2-3ce2-41bf-b8b0-734e9f242ad6.jpg\" alt=\"\" class=\"wp-image-15064\" srcset=\"https:\/\/zonaroja.com.mx\/wp-content\/uploads\/2020\/07\/2847a6f2-3ce2-41bf-b8b0-734e9f242ad6.jpg 1280w, https:\/\/zonaroja.com.mx\/wp-content\/uploads\/2020\/07\/2847a6f2-3ce2-41bf-b8b0-734e9f242ad6-300x145.jpg 300w, https:\/\/zonaroja.com.mx\/wp-content\/uploads\/2020\/07\/2847a6f2-3ce2-41bf-b8b0-734e9f242ad6-768x371.jpg 768w, https:\/\/zonaroja.com.mx\/wp-content\/uploads\/2020\/07\/2847a6f2-3ce2-41bf-b8b0-734e9f242ad6-1024x495.jpg 1024w, https:\/\/zonaroja.com.mx\/wp-content\/uploads\/2020\/07\/2847a6f2-3ce2-41bf-b8b0-734e9f242ad6-1170x566.jpg 1170w, https:\/\/zonaroja.com.mx\/wp-content\/uploads\/2020\/07\/2847a6f2-3ce2-41bf-b8b0-734e9f242ad6-585x283.jpg 585w\" sizes=\"(max-width: 1280px) 100vw, 1280px\" \/><\/figure>\n\n\n\n<p>TAMBI\u00c9N FERIEROS<\/p>\n\n\n\n<p>\u201cS\u00f3lo pedimos que nos dejen trabajar. Ya queremos trabajar, 130 d\u00edas sin ingresos\u201d, son parte de las frases que se pueden leer en las pancartas colocadas en los veh\u00edculos que esta ma\u00f1ana salieron en caravana para exigir atenci\u00f3n por parte de las autoridades estatales.<\/p>\n\n\n\n<p>Se trata de cientos de familias enteras que viven de la instalaci\u00f3n de puestos y juegos mec\u00e1nicos en las ferias populares, quienes se manifestaron en la capital de Oaxaca para denunciar las carencias a las que se enfrentan por la falta de trabajo y apoyo del gobierno de Oaxaca, encabezado por Alejandro Murat Hinojosa.<\/p>\n\n\n\n<p>Con salida desde tres cruces carreteros: Brenamiel, Aeropuerto y Ocotl\u00e1n, y con la intenci\u00f3n de arribar al z\u00f3calo de la ciudad, la caravana dio inicio despu\u00e9s&nbsp;<a href=\"\/\/1\">de las nueve de la ma\u00f1ana<\/a>&nbsp;y tuvo una r\u00e9plica en la regi\u00f3n de la Costa, particularmente en el municipio de Pinotepa Nacional, donde la protesta motorizada recorri\u00f3 las principales calles de la localidad.<\/p>\n\n\n\n<p>\u201cLa exigencia es que el gobierno voltee a vernos en esta contingencia que estamos pasando, que nos de apoyos para poder trabajar, que nos de plazas o luz verde para que entremos en las ferias que pueda haber en Oaxaca\u201d, dijo Mar\u00eda Luisa Ben\u00edtez Valdez, integrante de la Mesa Directiva de la Uni\u00f3n de Ferieros.<\/p>\n\n\n\n<p>Record\u00f3 que ya son cuatro meses sin poder trabajar, desde que se determin\u00f3 la suspensi\u00f3n de actividades masivas debido a la emergencia sanitaria por Covid-19, lo que ha mermado seriamente en su econom\u00eda y la de cientos de familias, ya que la agrupaci\u00f3n representa a un aproximado de 300 a 400 ferieros.<\/p>\n\n\n\n<p>Y aunque se trata de una caravana con veh\u00edculos, incluso aquellos que transportan sus propios juegos mec\u00e1nicos, asegur\u00f3 que no habr\u00e1 bloqueos viales, por el contrario, se trata de una manifestaci\u00f3n pacifica para exigir de forma respetuosa la atenci\u00f3n de las autoridades.<\/p>\n\n\n\n<p>\u201cNuestra \u00fanica intenci\u00f3n que lograr una mesa de dialogo con el gobernador y poder exponer la situaci\u00f3n a la que nos hemos enfrentado los \u00faltimos meses, demandando su comprensi\u00f3n y apoyo a quienes menos tenemos\u201d, indic\u00f3.<\/p>\n\n\n\n<p>Desde el inicio de la contingencia, a finales del mes de marzo, denunciaron que la suspensi\u00f3n de ferias pon\u00eda en riesgo su econom\u00eda, sin embargo, no fueron escuchados por lo que a inicios del mes de mayo decidieron salir a \u201cbotear\u201d en los principales cruceros de la ciudad, apelando a la solidaridad de la poblaci\u00f3n.<\/p>\n","protected":false},"excerpt":{"rendered":"<p>Evlin Arag\u00f3n\/Zona Roja. Con un f\u00e9retro negro a cuestas, con la palabra turismo escrita en&hellip;<\/p>\n","protected":false},"author":2,"featured_media":15067,"comment_status":"closed","ping_status":"open","sticky":false,"template":"","format":"standard","meta":{"_lmt_disableupdate":"","_lmt_disable":"","_jetpack_memberships_contains_paid_content":false,"footnotes":""},"categories":[109,47],"tags":[],"class_list":["post-15068","post","type-post","status-publish","format-standard","has-post-thumbnail","hentry","category-minuto-a-minuto","category-zona-gris"],"jetpack_featured_media_url":"https:\/\/zonaroja.com.mx\/wp-content\/uploads\/2020\/07\/c627e482-f88a-43b1-8071-26b4cd4c6126-1.jpg","jetpack_sharing_enabled":true,"_links":{"self":[{"href":"https:\/\/zonaroja.com.mx\/index.php?rest_route=\/wp\/v2\/posts\/15068","targetHints":{"allow":["GET"]}}],"collection":[{"href":"https:\/\/zonaroja.com.mx\/index.php?rest_route=\/wp\/v2\/posts"}],"about":[{"href":"https:\/\/zonaroja.com.mx\/index.php?rest_route=\/wp\/v2\/types\/post"}],"author":[{"embeddable":true,"href":"https:\/\/zonaroja.com.mx\/index.php?rest_route=\/wp\/v2\/users\/2"}],"replies":[{"embeddable":true,"href":"https:\/\/zonaroja.com.mx\/index.php?rest_route=%2Fwp%2Fv2%2Fcomments&post=15068"}],"version-history":[{"count":3,"href":"https:\/\/zonaroja.com.mx\/index.php?rest_route=\/wp\/v2\/posts\/15068\/revisions"}],"predecessor-version":[{"id":15071,"href":"https:\/\/zonaroja.com.mx\/index.php?rest_route=\/wp\/v2\/posts\/15068\/revisions\/15071"}],"wp:featuredmedia":[{"embeddable":true,"href":"https:\/\/zonaroja.com.mx\/index.php?rest_route=\/wp\/v2\/media\/15067"}],"wp:attachment":[{"href":"https:\/\/zonaroja.com.mx\/index.php?rest_route=%2Fwp%2Fv2%2Fmedia&parent=15068"}],"wp:term":[{"taxonomy":"category","embeddable":true,"href":"https:\/\/zonaroja.com.mx\/index.php?rest_route=%2Fwp%2Fv2%2Fcategories&post=15068"},{"taxonomy":"post_tag","embeddable":true,"href":"https:\/\/zonaroja.com.mx\/index.php?rest_route=%2Fwp%2Fv2%2Ftags&post=15068"}],"curies":[{"name":"wp","href":"https:\/\/api.w.org\/{rel}","templated":true}]}}