{"id":15073,"date":"2020-07-15T14:29:07","date_gmt":"2020-07-15T19:29:07","guid":{"rendered":"https:\/\/www.zonaroja.com.mx\/?p=15073"},"modified":"2020-07-15T14:29:16","modified_gmt":"2020-07-15T19:29:16","slug":"por-crisis-de-covid-diputados-demanda-al-gobernador-atencion-inmediata-a-pandemia","status":"publish","type":"post","link":"https:\/\/zonaroja.com.mx\/?p=15073","title":{"rendered":"Por crisis de Covid, diputados demanda al gobernador atenci\u00f3n inmediata a pandemia"},"content":{"rendered":"\n<p class=\"MsoNormal\">Yuridana Sosa\/Zona Roja.<\/p>\n\n\n\n<p class=\"MsoNormal\">Oaxaca de Ju\u00e1rez, Oax., 15 de julio de 2020.- La 64 legislatura del Congreso de Oaxaca aprob\u00f3 hoy con 36 votos el exhorto para que el gobernador Alejandro Murat Hinojosa atienda y resuelva la crisis en el sector salud que de acrecienta en Oaxaca y en particular en Juchit\u00e1n, por la pandemia de Covid-19.<\/p>\n\n\n\n<p class=\"MsoNormal\">La propuesta se present\u00f3 durante la sesi\u00f3n ordinaria de&nbsp;<a href=\"\/\/1\">este mi\u00e9rcoles<\/a>&nbsp;por parte de los diputados de la bancada del Partido Morena, ante la grave situaci\u00f3n que se vive en el municipio de Juchit\u00e1n, con alza de contagios y defunciones, por la falta de servicios de salud a la poblaci\u00f3n enferma de coronavirus y otros padecimientos.<\/p>\n\n\n\n<p class=\"MsoNormal\">Aunque el exhorto es para resolver la crisis en la entidad, enfatizaron el llamado para que en dicho municipio istme\u00f1o contraten m\u00e1s personal m\u00e9dico, dote de equipamiento e insumos de higiene y administrativos que garanticen la eficacia de su labor sin exponerse a los trabajadores de ser contagiados.<\/p>\n\n\n\n<p class=\"MsoNormal\">La obvia y urgente resoluci\u00f3n, como fue aprobada, expone el escenario que viven los habitantes en aquella regi\u00f3n, en la que en los \u00faltimos d\u00edas se increment\u00f3 de forma exponencial el n\u00famero de contagios y fallecimientos.<\/p>\n\n\n\n<p class=\"MsoNormal\">El pasado 30 de junio, la regi\u00f3n registr\u00f3 370 contagios y 64 fallecimiento, pero que en el transcurso de 10 d\u00edas se elev\u00f3 en un 74 por ciento en contagios y 41 por ciento en muertes, con 645 y 90 casos, respectivamente.<\/p>\n\n\n\n<p class=\"MsoNormal\">En Juchit\u00e1n de Zaragoza las cifras son alarmantes, el 30 de junio present\u00f3 un acumulado de 52 contagios y para el 12 de julio se increment\u00f3 a 105 casos, es decir, 102 por ciento m\u00e1s.&nbsp;<\/p>\n\n\n\n<p class=\"MsoNormal\">\u201cEsta situaci\u00f3n se agrava por las carencias que siguen viviendo las instituciones del sector salud en la regi\u00f3n, principalmente en materia de insumos de protecci\u00f3n del personal de salud, ya que derivado de estas carencias, as\u00ed como la falta de protocolos de atenci\u00f3n, se han generado m\u00faltiples casos de contagios en diversos hospitales, entre ellos el Hospital General \u201cDr. Macedonio Ben\u00edtez Fuentes\u201d, en donde la semana pasada se detect\u00f3 un primer brote de 20 personas contagiadas, mismo que el d\u00eda 12 de julio ascendi\u00f3 a 162 personas\u201d, expuso Morena en su propuesta de acuerdo.<\/p>\n\n\n\n<p class=\"MsoNormal\">Los diputados criticaron el funcionamiento del Hospital de Especialidades Materno-Infantil en Juchit\u00e1n, pues a pesar de su conversi\u00f3n a Hospital Covid 19 por el INSABI, este no recibe directamente a pacientes, limit\u00e1ndose a s\u00f3lo recibir referenciados.<\/p>\n\n\n\n<p class=\"MsoNormal\">\u201cEs sorprendente que ante este grave escenario, este Hospital de Especialidades est\u00e9 subutilizado, operando solamente 10 de las 25 camas disponibles, principalmente por la decisi\u00f3n de atender solamente a personas graves\u201d, exhibieron.&nbsp;<\/p>\n\n\n\n<p class=\"MsoNormal\">Durante la sesi\u00f3n los diputados tambi\u00e9n manifestaron su respaldo y solidaridad con los trabajadores del sector salud que enfrentan con carencias la batalla.<\/p>\n","protected":false},"excerpt":{"rendered":"<p>Yuridana Sosa\/Zona Roja. Oaxaca de Ju\u00e1rez, Oax., 15 de julio de 2020.- La 64 legislatura&hellip;<\/p>\n","protected":false},"author":2,"featured_media":15072,"comment_status":"closed","ping_status":"open","sticky":false,"template":"","format":"standard","meta":{"_lmt_disableupdate":"","_lmt_disable":"","_jetpack_memberships_contains_paid_content":false,"footnotes":""},"categories":[109,47],"tags":[213],"class_list":["post-15073","post","type-post","status-publish","format-standard","has-post-thumbnail","hentry","category-minuto-a-minuto","category-zona-gris","tag-64-legislatura-de-oaxaca"],"jetpack_featured_media_url":"https:\/\/zonaroja.com.mx\/wp-content\/uploads\/2020\/07\/3c542bbc-e185-484a-9176-a061168814c5.jpg","jetpack_sharing_enabled":true,"_links":{"self":[{"href":"https:\/\/zonaroja.com.mx\/index.php?rest_route=\/wp\/v2\/posts\/15073","targetHints":{"allow":["GET"]}}],"collection":[{"href":"https:\/\/zonaroja.com.mx\/index.php?rest_route=\/wp\/v2\/posts"}],"about":[{"href":"https:\/\/zonaroja.com.mx\/index.php?rest_route=\/wp\/v2\/types\/post"}],"author":[{"embeddable":true,"href":"https:\/\/zonaroja.com.mx\/index.php?rest_route=\/wp\/v2\/users\/2"}],"replies":[{"embeddable":true,"href":"https:\/\/zonaroja.com.mx\/index.php?rest_route=%2Fwp%2Fv2%2Fcomments&post=15073"}],"version-history":[{"count":1,"href":"https:\/\/zonaroja.com.mx\/index.php?rest_route=\/wp\/v2\/posts\/15073\/revisions"}],"predecessor-version":[{"id":15074,"href":"https:\/\/zonaroja.com.mx\/index.php?rest_route=\/wp\/v2\/posts\/15073\/revisions\/15074"}],"wp:featuredmedia":[{"embeddable":true,"href":"https:\/\/zonaroja.com.mx\/index.php?rest_route=\/wp\/v2\/media\/15072"}],"wp:attachment":[{"href":"https:\/\/zonaroja.com.mx\/index.php?rest_route=%2Fwp%2Fv2%2Fmedia&parent=15073"}],"wp:term":[{"taxonomy":"category","embeddable":true,"href":"https:\/\/zonaroja.com.mx\/index.php?rest_route=%2Fwp%2Fv2%2Fcategories&post=15073"},{"taxonomy":"post_tag","embeddable":true,"href":"https:\/\/zonaroja.com.mx\/index.php?rest_route=%2Fwp%2Fv2%2Ftags&post=15073"}],"curies":[{"name":"wp","href":"https:\/\/api.w.org\/{rel}","templated":true}]}}