{"id":15075,"date":"2020-07-15T18:07:20","date_gmt":"2020-07-15T23:07:20","guid":{"rendered":"http:\/\/www.zonaroja.com.mx\/?p=15075"},"modified":"2020-07-15T18:07:23","modified_gmt":"2020-07-15T23:07:23","slug":"invalida-sala-xalapa-del-tepjf-elecciones-en-cuatro-municipios-de-oaxaca","status":"publish","type":"post","link":"https:\/\/zonaroja.com.mx\/?p=15075","title":{"rendered":"Invalida Sala Xalapa del TEPJF elecciones en cuatro municipios de Oaxaca"},"content":{"rendered":"\n<p>Evlin\nArag\u00f3n\/Zona Roja.<\/p>\n\n\n\n<p>Oaxaca de\nJu\u00e1rez, Oax., 15 de julio de 2020.- El pleno de la Sala Regional Xalapa del\nTribunal Electoral del Poder Judicial de la Federaci\u00f3n (TEPJF) confirm\u00f3 la\ninvalidez de las elecciones en los municipios de San Pedro Ocopetatillo,\nSantiago Cho\u00e1pam, San Antonio de la Cal y San Jorge Nuchita, del estado de\nOaxaca.<\/p>\n\n\n\n<p>De\nacuerdo con los magistrados y magistrada, la discriminaci\u00f3n y la violencia\npol\u00edtica por raz\u00f3n de g\u00e9nero se hizo presente en el municipio de Santiago\nCho\u00e1pam, raz\u00f3n por la que invalidaron la elecci\u00f3n de concejales y se dictamin\u00f3\nque se lleven a cabo comicios extraordinarios, debido a que no se garantiz\u00f3 el\nderecho de las mujeres a ser postuladas como candidatas.<\/p>\n\n\n\n<p>Con ello\nrevocaron la sentencia emitida por el Tribunal Estatal Electoral de Oaxaca\n(TEEO) que, a su vez, dej\u00f3 sin efecto el acuerdo SNI-423\/2019, emitido por el\nConsejo General del Instituto Estatal Electoral y de Participaci\u00f3n Ciudadana de\nOaxaca (IEEPCO), que previamente se\u00f1alaba las irregularidades.<\/p>\n\n\n\n<p>La\ndeterminaci\u00f3n del Pleno obedeci\u00f3 a que la acci\u00f3n afirmativa implementada por el\ntribunal oaxaque\u00f1o, consistente en que se elijan a mujeres en las asambleas\nelectivas pendientes por celebrarse en las comunidades de Santa Mar\u00eda Yahuiv\u00e9 y\nSan Juan Teotalcingo, es insuficiente para garantizar el derecho de las mujeres\nde todo el municipio a ser votadas y de participaci\u00f3n pol\u00edtica en condiciones\nde igualdad frente a los hombres.<\/p>\n\n\n\n<p>En San\nPedro Ocopetatillo, la Sala Xalapa confirm\u00f3 la determinaci\u00f3n del TEEO y del\nIEEPCO de invalidar la elecci\u00f3n de concejales, ya que al interior de la\ncomunidad se celebraron dos asambleas electivas, cuyas actas carec\u00edan de todos\nlos elementos establecidos en la convocatoria; ello debido un conflicto\nintercomunitario que se vive en la zona y que gener\u00f3 incertidumbre respecto de\nla veracidad en ambos procedimientos.<\/p>\n\n\n\n<p>Los\nmagistrados y magistrada tambi\u00e9n confirmaron la sentencia de los \u00f3rganos\nelectorales locales que invalidaron la elecci\u00f3n de concejales en San Jorge\nNuchita, ya que la asamblea general comunitaria, llevada a cabo el 22 de\ndiciembre de 2019, no cont\u00f3 con elementos suficientes que la dotaran de validez,\ndebido a la existencia de diversas irregularidades, tanto en el proceso de\nconvocatoria como de celebraci\u00f3n de la asamblea, las cuales trastocaron el\nsistema normativo interno y el principio de universalidad del sufragio.<\/p>\n\n\n\n<p>Por\n\u00faltimo, revocaron la sentencia del TEEO que, a su vez, revoc\u00f3 el acuerdo del\nIEEPCO con el que se invalid\u00f3 la elecci\u00f3n ordinaria de concejales en San\nAntonio de la Cal, por diversas irregularidades acontecidas, dentro de ellas la\nviolencia y exclusi\u00f3n de candidatos que se registr\u00f3 durante la Asamblea\nGeneral, restringiendo su derecho a ser votados y el derecho de la ciudadan\u00eda\nde votar por ellos.<\/p>\n\n\n\n<p>Todo lo\nanterior qued\u00f3 resuelto en sesi\u00f3n p\u00fablica no presencial de resoluci\u00f3n,\ncelebrada por videoconferencia ante la emergencia sanitaria provocada por el\nvirus SARS-CoV2 (COVID-19).<\/p>\n\n\n\n<p>As\u00ed\nmismo, la Sala Regional Xalapa confirm\u00f3 la validez de las elecciones de\nconcejales celebradas en los municipios de San Baltazar Loxicha; San Mart\u00edn\nToxpalan; San Carlos Yautepec; Santiago del R\u00edo; Santiago Lachiguiri; as\u00ed como\nlas elecciones de los municipios de San Pedro Molinos, Tlaxiaco; Santa Mar\u00eda la\nAsunci\u00f3n; San Mart\u00edn Itunyoso; San Agust\u00edn de las Juntas; y San Sebasti\u00e1n\nTutla, decretadas mediante acuerdos del IEEPCO.<\/p>\n","protected":false},"excerpt":{"rendered":"<p>Evlin Arag\u00f3n\/Zona Roja. Oaxaca de Ju\u00e1rez, Oax., 15 de julio de 2020.- El pleno de&hellip;<\/p>\n","protected":false},"author":2,"featured_media":15076,"comment_status":"closed","ping_status":"open","sticky":false,"template":"","format":"standard","meta":{"_lmt_disableupdate":"","_lmt_disable":"","_jetpack_memberships_contains_paid_content":false,"footnotes":""},"categories":[109,47],"tags":[1836,875],"class_list":["post-15075","post","type-post","status-publish","format-standard","has-post-thumbnail","hentry","category-minuto-a-minuto","category-zona-gris","tag-sala-xalapa-del-tribunal-electoral-del-poder-judicial-de-la-federacion","tag-san-antonio-de-la-cal"],"jetpack_featured_media_url":"https:\/\/zonaroja.com.mx\/wp-content\/uploads\/2020\/07\/Sala-Xalapa-TEPJF.jpg","jetpack_sharing_enabled":true,"_links":{"self":[{"href":"https:\/\/zonaroja.com.mx\/index.php?rest_route=\/wp\/v2\/posts\/15075","targetHints":{"allow":["GET"]}}],"collection":[{"href":"https:\/\/zonaroja.com.mx\/index.php?rest_route=\/wp\/v2\/posts"}],"about":[{"href":"https:\/\/zonaroja.com.mx\/index.php?rest_route=\/wp\/v2\/types\/post"}],"author":[{"embeddable":true,"href":"https:\/\/zonaroja.com.mx\/index.php?rest_route=\/wp\/v2\/users\/2"}],"replies":[{"embeddable":true,"href":"https:\/\/zonaroja.com.mx\/index.php?rest_route=%2Fwp%2Fv2%2Fcomments&post=15075"}],"version-history":[{"count":1,"href":"https:\/\/zonaroja.com.mx\/index.php?rest_route=\/wp\/v2\/posts\/15075\/revisions"}],"predecessor-version":[{"id":15077,"href":"https:\/\/zonaroja.com.mx\/index.php?rest_route=\/wp\/v2\/posts\/15075\/revisions\/15077"}],"wp:featuredmedia":[{"embeddable":true,"href":"https:\/\/zonaroja.com.mx\/index.php?rest_route=\/wp\/v2\/media\/15076"}],"wp:attachment":[{"href":"https:\/\/zonaroja.com.mx\/index.php?rest_route=%2Fwp%2Fv2%2Fmedia&parent=15075"}],"wp:term":[{"taxonomy":"category","embeddable":true,"href":"https:\/\/zonaroja.com.mx\/index.php?rest_route=%2Fwp%2Fv2%2Fcategories&post=15075"},{"taxonomy":"post_tag","embeddable":true,"href":"https:\/\/zonaroja.com.mx\/index.php?rest_route=%2Fwp%2Fv2%2Ftags&post=15075"}],"curies":[{"name":"wp","href":"https:\/\/api.w.org\/{rel}","templated":true}]}}