{"id":15097,"date":"2020-07-16T07:43:09","date_gmt":"2020-07-16T12:43:09","guid":{"rendered":"http:\/\/www.zonaroja.com.mx\/?p=15097"},"modified":"2020-07-16T07:43:11","modified_gmt":"2020-07-16T12:43:11","slug":"desaparecen-tres-mujeres-mas-en-la-cuenca-una-es-menor-de-edad","status":"publish","type":"post","link":"https:\/\/zonaroja.com.mx\/?p=15097","title":{"rendered":"Desaparecen tres mujeres m\u00e1s en la Cuenca, una es menor de edad"},"content":{"rendered":"\n<p>Yuridiana\nSosa\/Zona Roja.<\/p>\n\n\n\n<p>San Juan\nBautista Tuxtepec, Oax., 16 de julio de 2020.- En el transcurso de ocho horas,\nla Fiscal\u00eda General de Oaxaca report\u00f3 la desaparici\u00f3n de dos mujeres en la\nregi\u00f3n de Cuenca, mientras que un colectivo feminista reportaba la no\nlocalizaci\u00f3n de otra joven en esta misma zona del estado.<\/p>\n\n\n\n<p>Las\ndesapariciones de las mujeres se registraron en los municipios de San Juan\nBautista Tuxtepec, San Lucas Ojitl\u00e1n y en San Miguel Soyaltepec, entre los d\u00edas\n6 y 10 de julio, pero que recientemente la Unidad de B\u00fasqueda de Personas\nDesaparecidas y No Localizadas public\u00f3 la ficha de dos de ellas.<\/p>\n\n\n\n<p>Desde el\npasado 10 de julio, X\u00f3chilt Mart\u00ednez Bravos de 14 a\u00f1os de edad, es buscada por\nsus familiares y amigos, luego de ser vista por \u00faltima vez en Cosolapa Caracol\nde San Miguel Soyaltepec. Usaba pantal\u00f3n de mezclilla, tenis color blanco y\nplayera rosa estampada.<\/p>\n\n\n\n<p>As\u00ed lo\ndio a conocer el Colectivo Tuxfem este 15 de julio, pero la ficha de b\u00fasqueda\npara X\u00f3chitl a\u00fan no est\u00e1 activa por la autoridad de justicia.<\/p>\n\n\n\n<p>Rosa\nMiguel Ram\u00edrez, de 32 a\u00f1os de edad, fue vista por \u00faltima vez el pasado 6 de\njulio en el municipio de San Lucas Ojitl\u00e1n, pero su ficha de b\u00fasqueda fue\npublicada la noche de este martes, luego de ocho d\u00edas de su \u00faltimo contacto con\nfamiliares y amigos. Finalmente anoche, las autoridades dieron a conocer que la\nmujer fue localizada, pero sin precisar en qu\u00e9 condiciones.<\/p>\n\n\n\n<p>Mientras\nque tambi\u00e9n se busca a Ofelia Valor Narcizo de 34 a\u00f1os de edad, quien\ndesapareci\u00f3 en San Juan Bautista Tuxtepec el pasado 9 de julio al salir de casa\nen la colonia Santa Clara, para dirigirse a su trabajo en el centro de la\nciudad, en una farmacia Similares.<\/p>\n\n\n\n<p>Fue hasta\neste 14 de julio que la Unidad de B\u00fasqueda de Personas No Localizadas y\nDesaparecidas public\u00f3 su ficha de b\u00fasqueda.<\/p>\n\n\n\n<p>En tanto,\nla Fiscal\u00eda General de Oaxaca a\u00fan no esclarece la identidad de los restos \u00f3seos\nlocalizados en fosas clandestinas en el paraje Zacate Colorado en Tuxtepec,\ndonde tambi\u00e9n se encontr\u00f3 el cuerpo sin vida de una mujer, mientras que,\nasegura, mantiene la b\u00fasqueda para localizar con vida a F\u00e1tima Palacios, Itzel\nGonz\u00e1lez y Casandra Ram\u00edrez, desaparecidas en los meses de marzo, abril y mayo,}<\/p>\n\n\n\n<p>OTRA EN\nLA CAPITAL<\/p>\n\n\n\n<p>Por otra\nparte, la Unidad de B\u00fasqueda de Personas Desaparecidas y No Localizadas report\u00f3\nla desaparici\u00f3n de Mar\u00eda Fernanda Luis Gil, de 25 a\u00f1os de edad, quien fue vista\npor \u00faltima vez el pasado 13 de julio en la colonia Santa Anita de San Juan\nChapultepec.<\/p>\n\n\n\n<p>La joven\nvest\u00eda playera de cuello redondo de manga corta color negro, pantal\u00f3n de\nmezclilla azul y zapatos color negro; mide aproximadamente 1.50 metros. <\/p>\n","protected":false},"excerpt":{"rendered":"<p>Yuridiana Sosa\/Zona Roja. San Juan Bautista Tuxtepec, Oax., 16 de julio de 2020.- En el&hellip;<\/p>\n","protected":false},"author":2,"featured_media":15098,"comment_status":"closed","ping_status":"open","sticky":false,"template":"","format":"standard","meta":{"_lmt_disableupdate":"","_lmt_disable":"","_jetpack_memberships_contains_paid_content":false,"footnotes":""},"categories":[109,51],"tags":[1705],"class_list":["post-15097","post","type-post","status-publish","format-standard","has-post-thumbnail","hentry","category-minuto-a-minuto","category-zona-roja","tag-desaparecidas-san-juan-bautista-tuxtepec"],"jetpack_featured_media_url":"https:\/\/zonaroja.com.mx\/wp-content\/uploads\/2020\/07\/Desaparecida-Tuxtepec-1.jpg","jetpack_sharing_enabled":true,"_links":{"self":[{"href":"https:\/\/zonaroja.com.mx\/index.php?rest_route=\/wp\/v2\/posts\/15097","targetHints":{"allow":["GET"]}}],"collection":[{"href":"https:\/\/zonaroja.com.mx\/index.php?rest_route=\/wp\/v2\/posts"}],"about":[{"href":"https:\/\/zonaroja.com.mx\/index.php?rest_route=\/wp\/v2\/types\/post"}],"author":[{"embeddable":true,"href":"https:\/\/zonaroja.com.mx\/index.php?rest_route=\/wp\/v2\/users\/2"}],"replies":[{"embeddable":true,"href":"https:\/\/zonaroja.com.mx\/index.php?rest_route=%2Fwp%2Fv2%2Fcomments&post=15097"}],"version-history":[{"count":1,"href":"https:\/\/zonaroja.com.mx\/index.php?rest_route=\/wp\/v2\/posts\/15097\/revisions"}],"predecessor-version":[{"id":15099,"href":"https:\/\/zonaroja.com.mx\/index.php?rest_route=\/wp\/v2\/posts\/15097\/revisions\/15099"}],"wp:featuredmedia":[{"embeddable":true,"href":"https:\/\/zonaroja.com.mx\/index.php?rest_route=\/wp\/v2\/media\/15098"}],"wp:attachment":[{"href":"https:\/\/zonaroja.com.mx\/index.php?rest_route=%2Fwp%2Fv2%2Fmedia&parent=15097"}],"wp:term":[{"taxonomy":"category","embeddable":true,"href":"https:\/\/zonaroja.com.mx\/index.php?rest_route=%2Fwp%2Fv2%2Fcategories&post=15097"},{"taxonomy":"post_tag","embeddable":true,"href":"https:\/\/zonaroja.com.mx\/index.php?rest_route=%2Fwp%2Fv2%2Ftags&post=15097"}],"curies":[{"name":"wp","href":"https:\/\/api.w.org\/{rel}","templated":true}]}}