{"id":15106,"date":"2020-07-16T09:54:55","date_gmt":"2020-07-16T14:54:55","guid":{"rendered":"http:\/\/www.zonaroja.com.mx\/?p=15106"},"modified":"2020-07-16T09:54:58","modified_gmt":"2020-07-16T14:54:58","slug":"urgen-legisladores-atencion-a-damnificados-por-incendio-en-central-de-abasto","status":"publish","type":"post","link":"https:\/\/zonaroja.com.mx\/?p=15106","title":{"rendered":"Urgen legisladores atenci\u00f3n a damnificados por incendio en Central de Abasto"},"content":{"rendered":"\n<p>Evlin\nArag\u00f3n\/Zona Roja.<\/p>\n\n\n\n<p>Oaxaca de\nJu\u00e1rez, Oax., 16 de julio de 2020.- Tras el abandono que denuncian comerciantes\nde la Central de Abasto de la ciudad de Oaxaca, el pleno de la 64 Legislatura\ndel Congreso local aprob\u00f3 un punto de acuerdo, de urgente y obvia resoluci\u00f3n,\npara cumplir con la inversi\u00f3n prometida en la zona y la atenci\u00f3n puntual de las\nfamilias afectadas por el incendio suscitado hace 50 d\u00edas.<\/p>\n\n\n\n<p>El\nexhorto est\u00e1 dirigido al gobierno estatal y al municipal, encabezados por\nAlejandro Murat Hinojosa y Oswaldo Garc\u00eda Jarqu\u00edn, respectivamente.<\/p>\n\n\n\n<p>La\niniciativa propuesta por el diputado Oth\u00f3n Cuevas C\u00f3rdova, plantea iniciar de\ninmediato con los programas y proyectos de inversi\u00f3n previsto para el lugar a\nfin de dar atenci\u00f3n a las familias que perdieron todo su patrimonio; as\u00ed como\ndise\u00f1ar un protocolo para la atenci\u00f3n de incendios que deber\u00e1 ser socializado\ncon las y los locatario.&nbsp;&nbsp; <\/p>\n\n\n\n<p>De igual\nforma, otorgar apoyo econ\u00f3mico para la reconstrucci\u00f3n de sus locales, cr\u00e9ditos\ny ayuda emergente para la alimentaci\u00f3n y medicamentos; sin olvidar habilitar de\ninmediato un espacio provisional para que puedan continuar con su actividad\ncomercial mientras es posible reconstruir los locales destruidos.<\/p>\n\n\n\n<p>Cuevas\nC\u00f3rdova record\u00f3 que despu\u00e9s del accidente, el gobernador Alejandro Murat\nHinojosa anunci\u00f3 una inversi\u00f3n de 100 millones de pesos para trabajos de modernizaci\u00f3n\ndel sistema el\u00e9ctrico del mercado y el mejoramiento de la infraestructura de\nagua potable y de drenaje, como parte del Proyecto Integral de Rehabilitaci\u00f3n\nde la Central de Abasto.<\/p>\n\n\n\n<p>Sin\nembargo, lo anterior no se ha consolidado, ni siquiera se han dado apoyos\nemergentes a las y los afectados, pese a que han realizado los tr\u00e1mites\ncorrespondientes solicitados por las instancias municipales y estatales, la\ncuales han hecho o\u00eddos sordos ante la apremiante necesidad de la gente,\nponiendo de pretexto la contingencia sanitaria.<\/p>\n\n\n\n<p>\u201cComerciantes\nde esa zona han denunciado p\u00fablicamente estar en el abandono por parte de las\nautoridades municipales y estatales, pues carecen de cualquier tipo de apoyo\ngubernamental para sobrevivir y rehabilitar sus espacios de trabajo y fuentes\nde recursos econ\u00f3micos para ellos y sus familias\u201d, refiri\u00f3 el legislador en\ntribuna.<\/p>\n\n\n\n<p>Por lo\nanterior, el punto de acuerdo de urgente y obvia resoluci\u00f3n fue aprobado en el\npleno con la finalidad de que las autoridades atiendan de una vez por todas la\nproblem\u00e1tica ya que se trata de una zona neur\u00e1lgica para la econom\u00eda del\nestado, no s\u00f3lo como espacio primordial para hacerse de alimentos, sino tambi\u00e9n\ncomo punto privilegiado para el intercambio de bienes y de servicios.<\/p>\n\n\n\n<p>Fue el 27\nde mayo, hace casi dos meses, cuando el incendio arras\u00f3 con una de las zonas de\nla Central de Abasto, destruyendo 150 locales de los pasillos de artesan\u00edas,\ncanastos y muebles de madera, en perjuicio de m\u00e1s de 200 familias oaxaque\u00f1as\nque perdieron su patrimonio y que han sido abandonadas por las autoridades.<\/p>\n","protected":false},"excerpt":{"rendered":"<p>Evlin Arag\u00f3n\/Zona Roja. Oaxaca de Ju\u00e1rez, Oax., 16 de julio de 2020.- Tras el abandono&hellip;<\/p>\n","protected":false},"author":2,"featured_media":15107,"comment_status":"closed","ping_status":"open","sticky":false,"template":"","format":"standard","meta":{"_lmt_disableupdate":"","_lmt_disable":"","_jetpack_memberships_contains_paid_content":false,"footnotes":""},"categories":[109,47],"tags":[1311],"class_list":["post-15106","post","type-post","status-publish","format-standard","has-post-thumbnail","hentry","category-minuto-a-minuto","category-zona-gris","tag-othon-cuevas-cordova"],"jetpack_featured_media_url":"https:\/\/zonaroja.com.mx\/wp-content\/uploads\/2020\/07\/Oth\u00f3n-cuevas-2.png","jetpack_sharing_enabled":true,"_links":{"self":[{"href":"https:\/\/zonaroja.com.mx\/index.php?rest_route=\/wp\/v2\/posts\/15106","targetHints":{"allow":["GET"]}}],"collection":[{"href":"https:\/\/zonaroja.com.mx\/index.php?rest_route=\/wp\/v2\/posts"}],"about":[{"href":"https:\/\/zonaroja.com.mx\/index.php?rest_route=\/wp\/v2\/types\/post"}],"author":[{"embeddable":true,"href":"https:\/\/zonaroja.com.mx\/index.php?rest_route=\/wp\/v2\/users\/2"}],"replies":[{"embeddable":true,"href":"https:\/\/zonaroja.com.mx\/index.php?rest_route=%2Fwp%2Fv2%2Fcomments&post=15106"}],"version-history":[{"count":1,"href":"https:\/\/zonaroja.com.mx\/index.php?rest_route=\/wp\/v2\/posts\/15106\/revisions"}],"predecessor-version":[{"id":15108,"href":"https:\/\/zonaroja.com.mx\/index.php?rest_route=\/wp\/v2\/posts\/15106\/revisions\/15108"}],"wp:featuredmedia":[{"embeddable":true,"href":"https:\/\/zonaroja.com.mx\/index.php?rest_route=\/wp\/v2\/media\/15107"}],"wp:attachment":[{"href":"https:\/\/zonaroja.com.mx\/index.php?rest_route=%2Fwp%2Fv2%2Fmedia&parent=15106"}],"wp:term":[{"taxonomy":"category","embeddable":true,"href":"https:\/\/zonaroja.com.mx\/index.php?rest_route=%2Fwp%2Fv2%2Fcategories&post=15106"},{"taxonomy":"post_tag","embeddable":true,"href":"https:\/\/zonaroja.com.mx\/index.php?rest_route=%2Fwp%2Fv2%2Ftags&post=15106"}],"curies":[{"name":"wp","href":"https:\/\/api.w.org\/{rel}","templated":true}]}}