{"id":15109,"date":"2020-07-16T15:03:38","date_gmt":"2020-07-16T20:03:38","guid":{"rendered":"http:\/\/www.zonaroja.com.mx\/?p=15109"},"modified":"2020-07-16T15:03:40","modified_gmt":"2020-07-16T20:03:40","slug":"llaman-al-ejecutivo-a-proponer-terna-para-titularidad-de-comision-de-busqueda-de-personas","status":"publish","type":"post","link":"https:\/\/zonaroja.com.mx\/?p=15109","title":{"rendered":"Llaman al Ejecutivo a proponer terna para titularidad de Comisi\u00f3n de B\u00fasqueda de Personas"},"content":{"rendered":"\n<p>Evlin\nArag\u00f3n\/Zona Roja.<\/p>\n\n\n\n<p>Oaxaca de\nJu\u00e1rez, Oax., 16 de julio de 2020.- A ocho meses de publicarse en el Peri\u00f3dico Oficial\nla creaci\u00f3n de la Comisi\u00f3n de B\u00fasqueda de Desaparecidos del Estado de Oaxaca,\nmisma que da como plazo para su instalaci\u00f3n 90 d\u00edas, el titular del Poder\nEjecutivo del Estado no ha emitido la convocatoria respectiva para la selecci\u00f3n\nde la o el titular de la instancia.<\/p>\n\n\n\n<p>As\u00ed lo\ndieron a conocer ante el pleno del Congreso local, donde se aval\u00f3 un exhorto al\ngobernador Alejandro Murat Hinojosa para que a la brevedad emita la\nconvocatoria p\u00fablica, abierta, con participaci\u00f3n activa de las y los familiares\nde personas desaparecida, para el proceso de selecci\u00f3n de la terna de quien\nest\u00e9 al frente de la instancia.<\/p>\n\n\n\n<p>El mismo\nfue promovido por las diputadas Karina Espino Carmona, Laura Estrada Mauro e\nHilda P\u00e9rez Luis, quienes coincidieron en la grave omisi\u00f3n por parte del Estado\ny la urgente necesidad de iniciar con las actividades de la Comisi\u00f3n debido al\naumento de casos de j\u00f3venes desaparecidas en la entidad.<\/p>\n\n\n\n<p>\u201cHan\ntranscurrido ocho meses sin avances en materia de desaparici\u00f3n forzada en el\nEstado, constituyendo una violaci\u00f3n grave al contenido de una Ley General de\nobservancia obligatoria en el estado. Ante la evidente omisi\u00f3n es necesario que\ndesde este Poder Legislativo, como vigilante del exacto cumplimiento de las\nnormas que emitimos, se exhorta al titular Ejecutivo para que cese la omisi\u00f3n\nen comento\u201d, refiere el documento presentado por Estrada Mauro.<\/p>\n\n\n\n<p>Para las\ndiputadas, la reciente situaci\u00f3n dada a conocer en la regi\u00f3n de la Cuenca,\ndonde encontraron cuerpos de j\u00f3venes desaparecidas al interior de fosas\nclandestinas, debi\u00f3 prender todo tipo de alerta y hacer evidente la necesidad\nde contar con una instancia que pueda dar seguimiento a los casos.<\/p>\n\n\n\n<p>Explicaron\nque es fundamental que las autoridades, de todos los niveles de gobierno,\npongan mayor atenci\u00f3n en los casos de ni\u00f1as y j\u00f3venes desaparecidas y deje de\nminimizarse la b\u00fasqueda durante las primeras horas de los reportes, mismas que\nson fundamentales para su localizaci\u00f3n.<\/p>\n\n\n\n<p>La\ndiputada Hilda P\u00e9rez Luis detall\u00f3 que en el 2018 se tuvo un registro de 326\nmujeres desaparecidas, 259 m\u00e1s en el 2019, y 118 en lo que va de este 2020,\nsituaci\u00f3n que preocupa de sobremanera, por lo que se vuelve urgente la existencia\nde una instancia que d\u00e9 seguimiento la debida diligencia en la b\u00fasqueda de\npersonas desaparecidas o no localizadas.<\/p>\n\n\n\n<p>\u201cEl titular\ndel Ejecutivo no ha enviado al Congreso del Estado la terna a que refiere el\nart\u00edculo 33 de la multicitada Ley, por lo que es oportuno hacer un exhorto para\nque a la brevedad de cumplimiento a lo mandatado por la normatividad\u201d, refiri\u00f3\nla legisladora en su exposici\u00f3n de motivos.<\/p>\n\n\n\n<p>As\u00ed mismo,\nexhort\u00f3 al Fiscal General del Estado de Oaxaca para que d\u00e9 cumplimiento a lo\nmandatado en la normatividad y cree la Fiscal\u00eda Especializada de Personas\nDesaparecidas; as\u00ed mismo al titular del Poder Judicial para que todas las\nactuaciones sean apegadas a derechos y se garantice el acceso a la justicia a\nlas v\u00edctimas del delito de desaparici\u00f3n, respetando los derechos humanos y\nteniendo como finalidad la justicia y reparaci\u00f3n del da\u00f1o.<\/p>\n","protected":false},"excerpt":{"rendered":"<p>Evlin Arag\u00f3n\/Zona Roja. Oaxaca de Ju\u00e1rez, Oax., 16 de julio de 2020.- A ocho meses&hellip;<\/p>\n","protected":false},"author":2,"featured_media":15110,"comment_status":"closed","ping_status":"open","sticky":false,"template":"","format":"standard","meta":{"_lmt_disableupdate":"","_lmt_disable":"","_jetpack_memberships_contains_paid_content":false,"footnotes":""},"categories":[109,46],"tags":[213],"class_list":["post-15109","post","type-post","status-publish","format-standard","has-post-thumbnail","hentry","category-minuto-a-minuto","category-zona-blanca","tag-64-legislatura-de-oaxaca"],"jetpack_featured_media_url":"https:\/\/zonaroja.com.mx\/wp-content\/uploads\/2020\/07\/Sesi\u00f3n-Congreso-Oaxaca.jpg","jetpack_sharing_enabled":true,"_links":{"self":[{"href":"https:\/\/zonaroja.com.mx\/index.php?rest_route=\/wp\/v2\/posts\/15109","targetHints":{"allow":["GET"]}}],"collection":[{"href":"https:\/\/zonaroja.com.mx\/index.php?rest_route=\/wp\/v2\/posts"}],"about":[{"href":"https:\/\/zonaroja.com.mx\/index.php?rest_route=\/wp\/v2\/types\/post"}],"author":[{"embeddable":true,"href":"https:\/\/zonaroja.com.mx\/index.php?rest_route=\/wp\/v2\/users\/2"}],"replies":[{"embeddable":true,"href":"https:\/\/zonaroja.com.mx\/index.php?rest_route=%2Fwp%2Fv2%2Fcomments&post=15109"}],"version-history":[{"count":1,"href":"https:\/\/zonaroja.com.mx\/index.php?rest_route=\/wp\/v2\/posts\/15109\/revisions"}],"predecessor-version":[{"id":15111,"href":"https:\/\/zonaroja.com.mx\/index.php?rest_route=\/wp\/v2\/posts\/15109\/revisions\/15111"}],"wp:featuredmedia":[{"embeddable":true,"href":"https:\/\/zonaroja.com.mx\/index.php?rest_route=\/wp\/v2\/media\/15110"}],"wp:attachment":[{"href":"https:\/\/zonaroja.com.mx\/index.php?rest_route=%2Fwp%2Fv2%2Fmedia&parent=15109"}],"wp:term":[{"taxonomy":"category","embeddable":true,"href":"https:\/\/zonaroja.com.mx\/index.php?rest_route=%2Fwp%2Fv2%2Fcategories&post=15109"},{"taxonomy":"post_tag","embeddable":true,"href":"https:\/\/zonaroja.com.mx\/index.php?rest_route=%2Fwp%2Fv2%2Ftags&post=15109"}],"curies":[{"name":"wp","href":"https:\/\/api.w.org\/{rel}","templated":true}]}}