{"id":15123,"date":"2020-07-16T20:11:58","date_gmt":"2020-07-17T01:11:58","guid":{"rendered":"http:\/\/www.zonaroja.com.mx\/?p=15123"},"modified":"2020-07-16T20:12:04","modified_gmt":"2020-07-17T01:12:04","slug":"designan-a-presidente-estatal-provisional-de-morena-en-oaxaca","status":"publish","type":"post","link":"https:\/\/zonaroja.com.mx\/?p=15123","title":{"rendered":"Designan a presidente estatal provisional de Morena en Oaxaca"},"content":{"rendered":"\n<p>Yuridiana\nSosa\/Zona Roja.<\/p>\n\n\n\n<p>Oaxaca de\nJu\u00e1rez, Oax., 16 de julio de 2020.- A casi dos a\u00f1os de encontrarse ac\u00e9fala la\npresidencia del Partido Morena en Oaxaca, este jueves asumi\u00f3 la presidencia del\norganismo el secretario general del Comit\u00e9 Ejecutivo Estatal de Morena, Sesul\nBola\u00f1os L\u00f3pez.<\/p>\n\n\n\n<p>La suplencia\ndel cargo fue aprobada por la Comisi\u00f3n Nacional de Honor y Justicia de Morena y\navalada por el Comit\u00e9 Ejecutivo Estatal, que este jueves anunci\u00f3 la nueva\ndirigencia.<\/p>\n\n\n\n<p>Fue el\npropio Bola\u00f1os L\u00f3pez quien pidi\u00f3 asumir el cargo a trav\u00e9s de un oficio dirigido\nel pasado 14 de junio, en el que expuso: \u201d\u00bfPuedo ejercer las funciones de\npresidente por ausencia del mismo y en suplencia como corresponde a lo que reza\nen dicho art\u00edculo 32, inciso b?<\/p>\n\n\n\n<p>A casi un\nmes de su petici\u00f3n se dio a conocer la respuesta de la Comisi\u00f3n Nacional de\nHonor y Justicia, que indic\u00f3: \u201cen ausencia del presidente del \u00f3rgano, puede\nsuplirlo en sus funciones, sin mediar tr\u00e1mite alguno. Lo anterior a reserva de\nque el Comit\u00e9 Ejecutivo Nacional ejerza su facultad de nombrar un delegado para\ndicho \u00f3rgano\u201d.<\/p>\n\n\n\n<p>As\u00ed lo inform\u00f3 la presidenta del CEE de Morena en Oaxaca, Irma Juan Carlos, en compa\u00f1\u00eda de la dirigencia del partido durante conferencia de prensa.<\/p>\n\n\n\n<figure class=\"wp-block-embed-twitter wp-block-embed is-type-rich is-provider-twitter\"><div class=\"wp-block-embed__wrapper\">\n<div class=\"twitter-tweet\"><blockquote class=\"twitter-tweet\" data-lang=\"es\"><p lang=\"es\" dir=\"ltr\">Este jueves, el Partido Morena en Oaxaca dio a conocer el nombramiento de <a href=\"https:\/\/twitter.com\/SesulBolanos?ref_src=twsrc%5Etfw\">@SesulBolanos<\/a> como presidente provisional del Comit\u00e9 Ejecutivo Estatal; estuvieron presente los legisladores federal, <a href=\"https:\/\/twitter.com\/irmajuancarlos?ref_src=twsrc%5Etfw\">@irmajuancarlos<\/a>, y estatal <a href=\"https:\/\/twitter.com\/HoracioSosaOax?ref_src=twsrc%5Etfw\">@HoracioSosaOax<\/a>. <a href=\"https:\/\/t.co\/kvhz3WXpWj\">pic.twitter.com\/kvhz3WXpWj<\/a><\/p>&mdash; Zona Roja Oaxaca (@MexRoja) <a href=\"https:\/\/twitter.com\/MexRoja\/status\/1283911932181770240?ref_src=twsrc%5Etfw\">16 de julio de 2020<\/a><\/blockquote><\/div>\n<\/div><\/figure>\n\n\n\n<p>El\ndocumento tambi\u00e9n expresa que cuando el secretario general se encuentra\nsupliendo el presidente por ausencia de este, se debe notificar \u00fanicamente para\nsu conocimiento al resto de los integrantes del Comit\u00e9 Ejecutivo Estatal y al\nConsejo Ejecutivo Nacional.<\/p>\n\n\n\n<p>Nancy\nOrtiz dej\u00f3 la presidencia en noviembre de 2018 para asumir el cargo de Delegada\nde los Programas federales Bienestar.<\/p>\n\n\n\n<p>Por su\nparte, el secretario de organizaci\u00f3n, C\u00e9sar Aquino, llam\u00f3 a la militancia a la\nunidad, esto frente al cercano inicio del proceso electoral, en el que quieren\nratificar la fuerza pol\u00edtica de Morena.<\/p>\n\n\n\n<p>En el encuentro estuvo presente el diputado local por Morena y coordinador de la bancada del partido en el Congreso local, Horacio Sosa Villavivencio.<\/p>\n\n\n\n<figure class=\"wp-block-image\"><img decoding=\"async\" width=\"900\" height=\"604\" src=\"http:\/\/www.zonaroja.com.mx\/wp-content\/uploads\/2020\/07\/Sesul-Bola\u00f1os.jpg\" alt=\"\" class=\"wp-image-15125\" srcset=\"https:\/\/zonaroja.com.mx\/wp-content\/uploads\/2020\/07\/Sesul-Bola\u00f1os.jpg 900w, https:\/\/zonaroja.com.mx\/wp-content\/uploads\/2020\/07\/Sesul-Bola\u00f1os-300x201.jpg 300w, https:\/\/zonaroja.com.mx\/wp-content\/uploads\/2020\/07\/Sesul-Bola\u00f1os-768x515.jpg 768w, https:\/\/zonaroja.com.mx\/wp-content\/uploads\/2020\/07\/Sesul-Bola\u00f1os-585x393.jpg 585w\" sizes=\"(max-width: 900px) 100vw, 900px\" \/><\/figure>\n","protected":false},"excerpt":{"rendered":"<p>Yuridiana Sosa\/Zona Roja. Oaxaca de Ju\u00e1rez, Oax., 16 de julio de 2020.- A casi dos&hellip;<\/p>\n","protected":false},"author":2,"featured_media":15124,"comment_status":"closed","ping_status":"open","sticky":false,"template":"","format":"standard","meta":{"_lmt_disableupdate":"","_lmt_disable":"","_jetpack_memberships_contains_paid_content":false,"footnotes":""},"categories":[109,47],"tags":[871,1841],"class_list":["post-15123","post","type-post","status-publish","format-standard","has-post-thumbnail","hentry","category-minuto-a-minuto","category-zona-gris","tag-partido-morena-oaxaca","tag-sesul-bolanos-lopez"],"jetpack_featured_media_url":"https:\/\/zonaroja.com.mx\/wp-content\/uploads\/2020\/07\/Sesul-Bola\u00f1os-2.jpg","jetpack_sharing_enabled":true,"_links":{"self":[{"href":"https:\/\/zonaroja.com.mx\/index.php?rest_route=\/wp\/v2\/posts\/15123","targetHints":{"allow":["GET"]}}],"collection":[{"href":"https:\/\/zonaroja.com.mx\/index.php?rest_route=\/wp\/v2\/posts"}],"about":[{"href":"https:\/\/zonaroja.com.mx\/index.php?rest_route=\/wp\/v2\/types\/post"}],"author":[{"embeddable":true,"href":"https:\/\/zonaroja.com.mx\/index.php?rest_route=\/wp\/v2\/users\/2"}],"replies":[{"embeddable":true,"href":"https:\/\/zonaroja.com.mx\/index.php?rest_route=%2Fwp%2Fv2%2Fcomments&post=15123"}],"version-history":[{"count":1,"href":"https:\/\/zonaroja.com.mx\/index.php?rest_route=\/wp\/v2\/posts\/15123\/revisions"}],"predecessor-version":[{"id":15126,"href":"https:\/\/zonaroja.com.mx\/index.php?rest_route=\/wp\/v2\/posts\/15123\/revisions\/15126"}],"wp:featuredmedia":[{"embeddable":true,"href":"https:\/\/zonaroja.com.mx\/index.php?rest_route=\/wp\/v2\/media\/15124"}],"wp:attachment":[{"href":"https:\/\/zonaroja.com.mx\/index.php?rest_route=%2Fwp%2Fv2%2Fmedia&parent=15123"}],"wp:term":[{"taxonomy":"category","embeddable":true,"href":"https:\/\/zonaroja.com.mx\/index.php?rest_route=%2Fwp%2Fv2%2Fcategories&post=15123"},{"taxonomy":"post_tag","embeddable":true,"href":"https:\/\/zonaroja.com.mx\/index.php?rest_route=%2Fwp%2Fv2%2Ftags&post=15123"}],"curies":[{"name":"wp","href":"https:\/\/api.w.org\/{rel}","templated":true}]}}