{"id":15127,"date":"2020-07-16T21:11:07","date_gmt":"2020-07-17T02:11:07","guid":{"rendered":"http:\/\/www.zonaroja.com.mx\/?p=15127"},"modified":"2020-07-16T21:26:19","modified_gmt":"2020-07-17T02:26:19","slug":"capital-de-oaxaca-cada-vez-mas-insegura-un-ejecutado-y-un-herido","status":"publish","type":"post","link":"https:\/\/zonaroja.com.mx\/?p=15127","title":{"rendered":"Capital de Oaxaca, cada vez m\u00e1s insegura: un ejecutado y un herido"},"content":{"rendered":"\n<p>Redacci\u00f3n\/Zona\nRoja.<\/p>\n\n\n\n<p>Oaxaca de\nJu\u00e1rez, Oax., 16 de julio de 2020.- Ante la nula presencia de la polic\u00eda\nmunicipal de Oaxaca de Ju\u00e1rez, este jueves una persona fue asesinada a balazos,\nen tanto una m\u00e1s result\u00f3 lesionada.<\/p>\n\n\n\n<p>La tarde\nde hoy, en el Perif\u00e9rico por la zona poniente, casi esquina con Nu\u00f1o del Mercado,\njurisdicci\u00f3n de la colonia Arboleda, un sujeto fue atacado a balazos; fue\ntrasladado herido por sus familiares al hospital de la Cruz Roja Mexicana pero\nmuri\u00f3 antes de recibir atenci\u00f3n m\u00e9dica.<\/p>\n\n\n\n<p>La v\u00edctima fue identificada como Christian Omar G. T., de 28 a\u00f1os de edad, quien era conocido con el mote de \u201cEl Chicha\u201d y a\u00fan se desconoce el motivo de la agresi\u00f3n as\u00ed como la identidad del o los atacantes.<\/p>\n\n\n\n<figure class=\"wp-block-embed-twitter wp-block-embed is-type-rich is-provider-twitter\"><div class=\"wp-block-embed__wrapper\">\n<div class=\"twitter-tweet\"><blockquote class=\"twitter-tweet\" data-lang=\"es\"><p lang=\"es\" dir=\"ltr\"><a href=\"https:\/\/twitter.com\/hashtag\/%C3%9AltimoMinuto?src=hash&amp;ref_src=twsrc%5Etfw\">#\u00daltimoMinuto<\/a> <br>Como Christian &quot;N&quot; alias \u201cEl Chicha&quot;, fue identificada la persona asesinada esta tarde a balazos sobre el Perif\u00e9rico y Nu\u00f1o del Mercado, colonia Arboledas, ciudad de <a href=\"https:\/\/twitter.com\/hashtag\/Oaxaca?src=hash&amp;ref_src=twsrc%5Etfw\">#Oaxaca<\/a>. <a href=\"https:\/\/t.co\/aT0R96siEy\">pic.twitter.com\/aT0R96siEy<\/a><\/p>&mdash; Zona Roja Oaxaca (@MexRoja) <a href=\"https:\/\/twitter.com\/MexRoja\/status\/1283895854349324288?ref_src=twsrc%5Etfw\">16 de julio de 2020<\/a><\/blockquote><\/div>\n<\/div><\/figure>\n\n\n\n<p>Momentos\ndespu\u00e9s de ese hecho, en la avenida Monte Alb\u00e1n de la agencia de San Mart\u00edn\nMexic\u00e1pam, de la ciudad de Oaxaca, un sujeto fue atacado a balazos, por personas\ndesconocidas.<\/p>\n\n\n\n<p>El hombre\nfue auxiliado por param\u00e9dicos de la Cruz Roja, quienes lo trasladaron para\natenci\u00f3n m\u00e9dica; responde al nombre de Alejandro R., de 46 a\u00f1os de edad, y a\u00fan\nse desconocen las razones de la agresi\u00f3n.<\/p>\n\n\n\n<p>OTRO EN\nTUXTEPEC<\/p>\n\n\n\n<p>Mientras tanto\nen San Juan Bautista Tuxtepec regresaron los homicidios y la ma\u00f1ana de hoy en\nun camino local entre las colonias El Nanche y San Antonio, fue localizado el\ncuerpo sin vida de un individuo.<\/p>\n\n\n\n<p>Se hall\u00f3\nenvuelto en cartones y amarrado; presuntamente tiene huellas de tortura y\ndisparos de arma de fuego, lo cual no ha sido corroborado por las autoridades\nministeriales.<\/p>\n\n\n\n<p>Tambi\u00e9n en\nTuxtepec pero en el fraccionamiento Las Palmas, un grupo armado dispar\u00f3 en\ncontra de un veh\u00edculo de motor y un domicilio particular, en la calle Uno; no\nse reportaron personas lesionadas.<\/p>\n","protected":false},"excerpt":{"rendered":"<p>Redacci\u00f3n\/Zona Roja. Oaxaca de Ju\u00e1rez, Oax., 16 de julio de 2020.- Ante la nula presencia&hellip;<\/p>\n","protected":false},"author":2,"featured_media":15128,"comment_status":"closed","ping_status":"open","sticky":false,"template":"","format":"standard","meta":{"_lmt_disableupdate":"","_lmt_disable":"","_jetpack_memberships_contains_paid_content":false,"footnotes":""},"categories":[109,51],"tags":[148],"class_list":["post-15127","post","type-post","status-publish","format-standard","has-post-thumbnail","hentry","category-minuto-a-minuto","category-zona-roja","tag-oaxaca-de-juarez"],"jetpack_featured_media_url":"https:\/\/zonaroja.com.mx\/wp-content\/uploads\/2020\/07\/Inseguridad-ciudad-de-Oaxaca.jpg","jetpack_sharing_enabled":true,"_links":{"self":[{"href":"https:\/\/zonaroja.com.mx\/index.php?rest_route=\/wp\/v2\/posts\/15127","targetHints":{"allow":["GET"]}}],"collection":[{"href":"https:\/\/zonaroja.com.mx\/index.php?rest_route=\/wp\/v2\/posts"}],"about":[{"href":"https:\/\/zonaroja.com.mx\/index.php?rest_route=\/wp\/v2\/types\/post"}],"author":[{"embeddable":true,"href":"https:\/\/zonaroja.com.mx\/index.php?rest_route=\/wp\/v2\/users\/2"}],"replies":[{"embeddable":true,"href":"https:\/\/zonaroja.com.mx\/index.php?rest_route=%2Fwp%2Fv2%2Fcomments&post=15127"}],"version-history":[{"count":2,"href":"https:\/\/zonaroja.com.mx\/index.php?rest_route=\/wp\/v2\/posts\/15127\/revisions"}],"predecessor-version":[{"id":15130,"href":"https:\/\/zonaroja.com.mx\/index.php?rest_route=\/wp\/v2\/posts\/15127\/revisions\/15130"}],"wp:featuredmedia":[{"embeddable":true,"href":"https:\/\/zonaroja.com.mx\/index.php?rest_route=\/wp\/v2\/media\/15128"}],"wp:attachment":[{"href":"https:\/\/zonaroja.com.mx\/index.php?rest_route=%2Fwp%2Fv2%2Fmedia&parent=15127"}],"wp:term":[{"taxonomy":"category","embeddable":true,"href":"https:\/\/zonaroja.com.mx\/index.php?rest_route=%2Fwp%2Fv2%2Fcategories&post=15127"},{"taxonomy":"post_tag","embeddable":true,"href":"https:\/\/zonaroja.com.mx\/index.php?rest_route=%2Fwp%2Fv2%2Ftags&post=15127"}],"curies":[{"name":"wp","href":"https:\/\/api.w.org\/{rel}","templated":true}]}}