{"id":15134,"date":"2020-07-16T22:02:00","date_gmt":"2020-07-17T03:02:00","guid":{"rendered":"http:\/\/www.zonaroja.com.mx\/?p=15134"},"modified":"2020-07-16T22:08:34","modified_gmt":"2020-07-17T03:08:34","slug":"edil-de-tuxtepec-fallece-de-covid-19-estuvo-hospitalizado-varias-semanas","status":"publish","type":"post","link":"https:\/\/zonaroja.com.mx\/?p=15134","title":{"rendered":"Edil de Tuxtepec fallece de Covid-19; estuvo hospitalizado varias semanas"},"content":{"rendered":"\n<p>Yuridiana\nSosa\/Zona Roja.<\/p>\n\n\n\n<p>San Juan\nBautista Tuxtepec, Oax., 16 de julio de 2020.- Tras m\u00e1s de un mes de luchar\ncontra el Covid-19, el presidente municipal de San Juan Bautista Tuxtepec,\nFernando Bautista Davila, falleci\u00f3 la noche de este jueves.<\/p>\n\n\n\n<p>El edil estuvo internado en una cl\u00ednica particular en la ciudad de Veracruz por varias semanas y su defunci\u00f3n fue confirmada por el gobernador Alejandro Murat Hinojosa a trav\u00e9s de Twitter, que inicialmente borr\u00f3 y luego volvi\u00f3 a escribir.<\/p>\n\n\n\n<p>Bautista D\u00e1vila fue presidente durante dos periodos. El primero a partir de 2017-2018 por el Partido del Trabajo.<\/p>\n\n\n\n<figure class=\"wp-block-embed-twitter wp-block-embed is-type-rich is-provider-twitter\"><div class=\"wp-block-embed__wrapper\">\n<div class=\"twitter-tweet\"><blockquote class=\"twitter-tweet\" data-lang=\"es\"><p lang=\"es\" dir=\"ltr\">Mis sinceras condolencias a la familia de Fernando Bautista D\u00e1vila; Tuxtepec es un pueblo fuerte y unido, que saldr\u00e1 adelante.<\/p>&mdash; Alejandro Murat (@alejandromurat) <a href=\"https:\/\/twitter.com\/alejandromurat\/status\/1283957584202854400?ref_src=twsrc%5Etfw\">17 de julio de 2020<\/a><\/blockquote><\/div>\n<\/div><\/figure>\n\n\n\n<p>Durante\nla jornada electoral del 2018 gan\u00f3 la reelecci\u00f3n por el Partido Nueva Alianza,\npara el periodo 2019-2021.<\/p>\n\n\n\n<p>En mayo\nde este a\u00f1o anunci\u00f3 que comenzar\u00eda una fase de aislamiento, as\u00ed como procedi\u00f3 a\nuna prueba ante la confirmaci\u00f3n de un caso positivo de Covid-19 de uno de sus colaboradores,\npero result\u00f3 negativo.<\/p>\n\n\n\n<p>Pero\ndurante la primera semana de junio el edil volvi\u00f3 a ausentarse de sus\nactividades y a mediados de ese mes confirm\u00f3 que se encontraba en estado de\naislamiento, por segunda ocasi\u00f3n, al presentar algunos s\u00edntomas relacionados a\nla enfermedad. Desde ese entonces no se volvi\u00f3 a tener mayor informaci\u00f3n del\nestado de salud del edil.<\/p>\n\n\n\n<p>San Juan\nBautista Tuxtepec es el segundo municipio de Oaxaca con el mayor n\u00famero de\ncasos por Covid-19; tan s\u00f3lo esta noche de jueves se reportaron 78 casos\npositivos; durante la pandemia, acumula 935. <\/p>\n","protected":false},"excerpt":{"rendered":"<p>Yuridiana Sosa\/Zona Roja. San Juan Bautista Tuxtepec, Oax., 16 de julio de 2020.- Tras m\u00e1s&hellip;<\/p>\n","protected":false},"author":2,"featured_media":15135,"comment_status":"closed","ping_status":"open","sticky":false,"template":"","format":"standard","meta":{"_lmt_disableupdate":"","_lmt_disable":"","_jetpack_memberships_contains_paid_content":false,"footnotes":""},"categories":[109,47],"tags":[1512,910],"class_list":["post-15134","post","type-post","status-publish","format-standard","has-post-thumbnail","hentry","category-minuto-a-minuto","category-zona-gris","tag-coronavirus-oaxaca","tag-fernando-bautista-davila"],"jetpack_featured_media_url":"https:\/\/zonaroja.com.mx\/wp-content\/uploads\/2020\/07\/Fernando-Bautista-D\u00e1vila2.jpg","jetpack_sharing_enabled":true,"_links":{"self":[{"href":"https:\/\/zonaroja.com.mx\/index.php?rest_route=\/wp\/v2\/posts\/15134","targetHints":{"allow":["GET"]}}],"collection":[{"href":"https:\/\/zonaroja.com.mx\/index.php?rest_route=\/wp\/v2\/posts"}],"about":[{"href":"https:\/\/zonaroja.com.mx\/index.php?rest_route=\/wp\/v2\/types\/post"}],"author":[{"embeddable":true,"href":"https:\/\/zonaroja.com.mx\/index.php?rest_route=\/wp\/v2\/users\/2"}],"replies":[{"embeddable":true,"href":"https:\/\/zonaroja.com.mx\/index.php?rest_route=%2Fwp%2Fv2%2Fcomments&post=15134"}],"version-history":[{"count":2,"href":"https:\/\/zonaroja.com.mx\/index.php?rest_route=\/wp\/v2\/posts\/15134\/revisions"}],"predecessor-version":[{"id":15138,"href":"https:\/\/zonaroja.com.mx\/index.php?rest_route=\/wp\/v2\/posts\/15134\/revisions\/15138"}],"wp:featuredmedia":[{"embeddable":true,"href":"https:\/\/zonaroja.com.mx\/index.php?rest_route=\/wp\/v2\/media\/15135"}],"wp:attachment":[{"href":"https:\/\/zonaroja.com.mx\/index.php?rest_route=%2Fwp%2Fv2%2Fmedia&parent=15134"}],"wp:term":[{"taxonomy":"category","embeddable":true,"href":"https:\/\/zonaroja.com.mx\/index.php?rest_route=%2Fwp%2Fv2%2Fcategories&post=15134"},{"taxonomy":"post_tag","embeddable":true,"href":"https:\/\/zonaroja.com.mx\/index.php?rest_route=%2Fwp%2Fv2%2Ftags&post=15134"}],"curies":[{"name":"wp","href":"https:\/\/api.w.org\/{rel}","templated":true}]}}