{"id":15142,"date":"2020-07-17T08:17:01","date_gmt":"2020-07-17T13:17:01","guid":{"rendered":"http:\/\/www.zonaroja.com.mx\/?p=15142"},"modified":"2020-07-17T08:17:05","modified_gmt":"2020-07-17T13:17:05","slug":"exhortan-a-seis-municipios-de-abstenerse-de-actos-que-puedan-considerarse-como-violencia-politica","status":"publish","type":"post","link":"https:\/\/zonaroja.com.mx\/?p=15142","title":{"rendered":"Exhortan a seis municipios de abstenerse de actos que puedan considerarse como violencia pol\u00edtica"},"content":{"rendered":"\n<p>Evlin\nArag\u00f3n\/Zona Roja.<\/p>\n\n\n\n<p>Oaxaca de\nJu\u00e1rez, Oax., 17 de julio de 2020.- Integrantes de la 64 Legislatura aprobaron\nuna serie de exhortos para prevenir actos de violencia de g\u00e9nero en los\nmunicipios de Huajuapan de L\u00e9on, Tezoatl\u00e1n de Segura y Luna, Santa Luc\u00eda del\nCamino, Santiago Atitl\u00e1n Mixe, Ayotzintepec y Mat\u00edas Romero.<\/p>\n\n\n\n<p>Lo\nanterior como parte de los dict\u00e1menes analizados de las comisiones unidas de\nDerechos Humanos y de Igualdad de G\u00e9nero, quienes pidieron a las autoridades\nmunicipales de dichas localidades abstenerse de causar da\u00f1os a ciudadanas y\ntrabajadoras de los ayuntamientos, que han denunciado previamente actos de\ndiscriminaci\u00f3n y acoso que pudieran configurarse en delitos de violencia por\nraz\u00f3n de g\u00e9nero.<\/p>\n\n\n\n<p>En los\nseis casos pidieron a las autoridades municipales elevar su nivel de conciencia\ny tomar en cuenta las normatividades vigentes estatales, nacionales e\ninternaciones referentes a la erradicaci\u00f3n de la violencia de g\u00e9nero, la cual\nes inaceptable y es una ofensa a la dignidad humana.<\/p>\n\n\n\n<p>Recordaron\nque la violencia pol\u00edtica por raz\u00f3n de g\u00e9nero decretada por un \u00f3rgano\njurisdiccional es causal para declarar la suspensi\u00f3n o desaparici\u00f3n de un\nayuntamiento, as\u00ed como la suspensi\u00f3n revocaci\u00f3n de mandato de uno o m\u00e1s de sus\nintegrantes.<\/p>\n\n\n\n<p>En el caso\nde Santa Luc\u00eda del Camino, solicitaron la intervenci\u00f3n de las secretar\u00edas\nGeneral de Gobierno y de las Mujeres de Oaxaca para dise\u00f1ar los mecanismos\nnecesarios que den soluci\u00f3n pac\u00edfica del conflicto que se vive entre las y los\nintegrantes del ayuntamiento y que en varias ocasiones se ha evidenciado la\nposibilidad de configurarse violencia pol\u00edtica en contra de la s\u00edndico y\nregidoras opositoras al edil Dante Monta\u00f1o Montero.<\/p>\n\n\n\n<p>\u201cLa 64 Legislatura\nexhorta a la autoridad municipal para que observen una actitud de respeto\nfrente a la pluralidad de ideas y de actores sociales que emerge de la propia\ndiversidad de la sociedad civil, lo que conlleva a dejar atr\u00e1s los intereses de\ngrupo, partido y particulares y cumplir con cada una d las funciones\nestablecidas en la Ley Org\u00e1nica Municipal del estado de Oaxaca y dar paso al\nbien com\u00fan\u201d, refiere el dictamen aprobado.<\/p>\n\n\n\n<p>De forma\nparticular en la agencia municipal de Santa Teresa del municipio de Huajuapan\nde Le\u00f3n, solicitaron a las autoridades abstenerse d cualquier acto de molestia\nque pueda configurar cualquier acto de violencia en contra de Juliana\nGuillermina Rivera Bravo, agenta municipal de polic\u00eda de Santa Rosa.<\/p>\n\n\n\n<p>En la\nVilla de Tezoatl\u00e1n de Segura y Luna pidieron a la presidenta municipal e\nintegrantes del ayuntamiento el respeto de los derechos humanos y de g\u00e9nero de\nla ciudadana Mariela Mart\u00ednez Rosales; mientras que a las autoridades y\nfuncionarios p\u00fablicos del municipio de Santiago Atitl\u00e1n Mixe, exigieron la\ngarant\u00eda de los derechos pol\u00edticos de Rosalina Castillo L\u00f3pez y Emma Ortega\nCasta\u00f1eda, regidoras de Hacienda y Obras en la localidad.<\/p>\n\n\n\n<p>Finalmente,\nen los municipios de Ayotzintepec en la Cuenca del Papaloapan y Mat\u00edas Romero\ndel Istmo de Tehuantepec, demandaron a las autoridades la seguridad y respeto\nirrestricto de la integridad de Marta Mar\u00eda L\u00f3pez Angulo, Ana Cruz Pacheco y\nCecia Paola Zamudio Tobilla, respectivamente.<\/p>\n","protected":false},"excerpt":{"rendered":"<p>Evlin Arag\u00f3n\/Zona Roja. Oaxaca de Ju\u00e1rez, Oax., 17 de julio de 2020.- Integrantes de la&hellip;<\/p>\n","protected":false},"author":2,"featured_media":15143,"comment_status":"closed","ping_status":"open","sticky":false,"template":"","format":"standard","meta":{"_lmt_disableupdate":"","_lmt_disable":"","_jetpack_memberships_contains_paid_content":false,"footnotes":""},"categories":[109,47],"tags":[213],"class_list":["post-15142","post","type-post","status-publish","format-standard","has-post-thumbnail","hentry","category-minuto-a-minuto","category-zona-gris","tag-64-legislatura-de-oaxaca"],"jetpack_featured_media_url":"https:\/\/zonaroja.com.mx\/wp-content\/uploads\/2020\/07\/FOTO-4.1-Diputadas-y-diputados-del-Congreso-de-Oaxaca.jpeg","jetpack_sharing_enabled":true,"_links":{"self":[{"href":"https:\/\/zonaroja.com.mx\/index.php?rest_route=\/wp\/v2\/posts\/15142","targetHints":{"allow":["GET"]}}],"collection":[{"href":"https:\/\/zonaroja.com.mx\/index.php?rest_route=\/wp\/v2\/posts"}],"about":[{"href":"https:\/\/zonaroja.com.mx\/index.php?rest_route=\/wp\/v2\/types\/post"}],"author":[{"embeddable":true,"href":"https:\/\/zonaroja.com.mx\/index.php?rest_route=\/wp\/v2\/users\/2"}],"replies":[{"embeddable":true,"href":"https:\/\/zonaroja.com.mx\/index.php?rest_route=%2Fwp%2Fv2%2Fcomments&post=15142"}],"version-history":[{"count":1,"href":"https:\/\/zonaroja.com.mx\/index.php?rest_route=\/wp\/v2\/posts\/15142\/revisions"}],"predecessor-version":[{"id":15144,"href":"https:\/\/zonaroja.com.mx\/index.php?rest_route=\/wp\/v2\/posts\/15142\/revisions\/15144"}],"wp:featuredmedia":[{"embeddable":true,"href":"https:\/\/zonaroja.com.mx\/index.php?rest_route=\/wp\/v2\/media\/15143"}],"wp:attachment":[{"href":"https:\/\/zonaroja.com.mx\/index.php?rest_route=%2Fwp%2Fv2%2Fmedia&parent=15142"}],"wp:term":[{"taxonomy":"category","embeddable":true,"href":"https:\/\/zonaroja.com.mx\/index.php?rest_route=%2Fwp%2Fv2%2Fcategories&post=15142"},{"taxonomy":"post_tag","embeddable":true,"href":"https:\/\/zonaroja.com.mx\/index.php?rest_route=%2Fwp%2Fv2%2Ftags&post=15142"}],"curies":[{"name":"wp","href":"https:\/\/api.w.org\/{rel}","templated":true}]}}