{"id":15148,"date":"2020-07-17T10:29:34","date_gmt":"2020-07-17T15:29:34","guid":{"rendered":"http:\/\/www.zonaroja.com.mx\/?p=15148"},"modified":"2020-07-17T10:29:37","modified_gmt":"2020-07-17T15:29:37","slug":"falla-regreso-a-la-nueva-normalidad-oaxaca-de-vuelta-al-semaforo-rojo","status":"publish","type":"post","link":"https:\/\/zonaroja.com.mx\/?p=15148","title":{"rendered":"Falla regreso a la \u201cnueva normalidad\u201d; Oaxaca de vuelta al sem\u00e1foro rojo"},"content":{"rendered":"\n<p>Evlin\nArag\u00f3n\/Zona Roja.<\/p>\n\n\n\n<p>Oaxaca de\nJu\u00e1rez, Oax., 17 de julio de 2020.- Una salida descontrolada a las calles por\nparte de la poblaci\u00f3n en esta \u201cnueva normalidad\u201d, derivada de la crisis\necon\u00f3mica que ha dejado la pandemia en entidad oaxaque\u00f1a, la falta de uso de\ncubrebocas, incluso las protestas y caravanas en la ciudad en los \u00faltimos d\u00edas,\npodr\u00edan regresar a Oaxaca al color rojo del sem\u00e1foro epidemiol\u00f3gico y con ello\nal confinamiento.<\/p>\n\n\n\n<p>De\nacuerdo con el subsecretario de Promoci\u00f3n a la Salud del gobierno federal, Hugo\nL\u00f3pez Gatell, la entidad oaxaque\u00f1a registra un aumento en el n\u00famero de\ncontagios y defunciones, muy por encima de cuando se registr\u00f3 el primer pico,\nadem\u00e1s las recuperaciones no muestran cambios considerables.&nbsp; <\/p>\n\n\n\n<p>\u201cEn las\n\u00faltimas dos semanas epidemiol\u00f3gicas, en Oaxaca hay un importante ascenso, que\nsupera su primer pico, con un aumento de 18 por ciento. No hay cambio en las\nrecuperaciones y tienen un crecimiento de 11 por ciento en las defunciones\nestimadas\u201d, refiri\u00f3 ayer en conferencia.<\/p>\n\n\n\n<p>Por lo\nanterior la entidad oaxaque\u00f1a estar\u00eda regresando al sem\u00e1foro rojo a partir del\npr\u00f3ximo lunes, al igual que Baja California, Hidalgo, Jalisco, Quer\u00e9taro, San\nLuis Potos\u00ed y Zacatecas, que en teor\u00eda tendr\u00edan que regresar al resguardo\ndomiciliario; sin embargo, la decisi\u00f3n ser\u00e1 tomada por las respectivas\nautoridades estatales.&nbsp; <\/p>\n\n\n\n<p>Y es que\nuna vez anunciado el sem\u00e1foro naranja en Oaxaca, los establecimientos \u2013a\u00fan los\nno esenciales- comenzaron a abrir sus puertas sin que la autoridad municipal y\nestatal pudieran establecer un plan adecuado que permitiera la apertura\npaulatina de comercios.<\/p>\n\n\n\n<p>La venta\nen la v\u00eda p\u00fablica se permiti\u00f3 desde que la entidad se encontraba en sem\u00e1foro\nrojo y recientemente regres\u00f3 la instalaci\u00f3n de tianguis y baratillos en algunas\nlocalidades, contribuyendo en las aglomeraciones de personas que contribuyen el\nriesgo de contagio por Covid-19.<\/p>\n\n\n\n<p>Las\nprotestas derivadas de la crisis econ\u00f3mica que se vive en la entidad se han\nhecho presentes en las \u00faltimas dos semanas en la capital del estado y las\nregiones de la Costa e Istmo; est\u00e1 \u00faltima junto con la Cuenca viven su momento\nm\u00e1s complicado en torno a casos confirmados, apenas ayer por la noche fue\nreportado el deceso del edil de Tuxtepec, Fernando Bautista D\u00e1vila.<\/p>\n\n\n\n<p>Por todo\nlo anterior Oaxaca se encuentra a un paso de volver al confinamiento\nobligatorio, dependiendo de las decisiones de sus autoridades, a 109 d\u00edas de\nhaberse declarado la emergencia sanitaria en M\u00e9xico y aun con importantes\nsectores de la poblaci\u00f3n que no creen en la existencia del virus y se niegan a\ncumplir con los protocolos sanitarios.<\/p>\n\n\n\n<p>De\nacuerdo con los m\u00e1s recientes reportes de los Servicios de Salud de Oaxaca,\nemitidos anoche, la entidad registr\u00f3 122 nuevos pacientes positivos al Covid-19,\ncon lo que aument\u00f3 la cifra de contagios acumulados a ocho mil 151, de los\ncuales a la fecha se encuentran activos 425.<\/p>\n\n\n\n<p>Adem\u00e1s, se\nsumaron a las estad\u00edsticas siete fallecimientos, por lo que el&nbsp; registro es de 784 muertes acumuladas, de\nesta cifra el 38% de las y los pacientes padec\u00eda diabetes mellitus.<\/p>\n","protected":false},"excerpt":{"rendered":"<p>Evlin Arag\u00f3n\/Zona Roja. Oaxaca de Ju\u00e1rez, Oax., 17 de julio de 2020.- Una salida descontrolada&hellip;<\/p>\n","protected":false},"author":2,"featured_media":15149,"comment_status":"closed","ping_status":"open","sticky":false,"template":"","format":"standard","meta":{"_lmt_disableupdate":"","_lmt_disable":"","_jetpack_memberships_contains_paid_content":false,"footnotes":""},"categories":[109,47],"tags":[1512],"class_list":["post-15148","post","type-post","status-publish","format-standard","has-post-thumbnail","hentry","category-minuto-a-minuto","category-zona-gris","tag-coronavirus-oaxaca"],"jetpack_featured_media_url":"https:\/\/zonaroja.com.mx\/wp-content\/uploads\/2020\/07\/Sem\u00e1foro-rojo.jpg","jetpack_sharing_enabled":true,"_links":{"self":[{"href":"https:\/\/zonaroja.com.mx\/index.php?rest_route=\/wp\/v2\/posts\/15148","targetHints":{"allow":["GET"]}}],"collection":[{"href":"https:\/\/zonaroja.com.mx\/index.php?rest_route=\/wp\/v2\/posts"}],"about":[{"href":"https:\/\/zonaroja.com.mx\/index.php?rest_route=\/wp\/v2\/types\/post"}],"author":[{"embeddable":true,"href":"https:\/\/zonaroja.com.mx\/index.php?rest_route=\/wp\/v2\/users\/2"}],"replies":[{"embeddable":true,"href":"https:\/\/zonaroja.com.mx\/index.php?rest_route=%2Fwp%2Fv2%2Fcomments&post=15148"}],"version-history":[{"count":1,"href":"https:\/\/zonaroja.com.mx\/index.php?rest_route=\/wp\/v2\/posts\/15148\/revisions"}],"predecessor-version":[{"id":15150,"href":"https:\/\/zonaroja.com.mx\/index.php?rest_route=\/wp\/v2\/posts\/15148\/revisions\/15150"}],"wp:featuredmedia":[{"embeddable":true,"href":"https:\/\/zonaroja.com.mx\/index.php?rest_route=\/wp\/v2\/media\/15149"}],"wp:attachment":[{"href":"https:\/\/zonaroja.com.mx\/index.php?rest_route=%2Fwp%2Fv2%2Fmedia&parent=15148"}],"wp:term":[{"taxonomy":"category","embeddable":true,"href":"https:\/\/zonaroja.com.mx\/index.php?rest_route=%2Fwp%2Fv2%2Fcategories&post=15148"},{"taxonomy":"post_tag","embeddable":true,"href":"https:\/\/zonaroja.com.mx\/index.php?rest_route=%2Fwp%2Fv2%2Ftags&post=15148"}],"curies":[{"name":"wp","href":"https:\/\/api.w.org\/{rel}","templated":true}]}}