{"id":15154,"date":"2020-07-17T14:19:23","date_gmt":"2020-07-17T19:19:23","guid":{"rendered":"http:\/\/www.zonaroja.com.mx\/?p=15154"},"modified":"2020-07-17T16:03:29","modified_gmt":"2020-07-17T21:03:29","slug":"protestan-en-fiscalia-de-putla-ahora-por-justicia-para-profesor-asesinado","status":"publish","type":"post","link":"https:\/\/zonaroja.com.mx\/?p=15154","title":{"rendered":"Protestan contra Fiscal\u00eda de Putla, ahora por justicia para profesor asesinado"},"content":{"rendered":"\n<p>Yuridiana\nSosa<\/p>\n\n\n\n<p>Oaxaca de Ju\u00e1rez, Oax., 17 de julio de 2020.- Familiares del profesor jubilado asesinado, Jos\u00e9 Trinidad Portillo, y ex compa\u00f1eros taxistas del municipio de Putla Villa de Guerrero, se manifestaron en contra de la Fiscal\u00eda General del Estado en ese municipio, para exigir justicia por el crimen.<\/p>\n\n\n\n<p>Los\nfamiliares del ex integrante de la Secci\u00f3n 22 del Sindicato Nacional de\nTrabajadores de la Educaci\u00f3n (SNTE) demandan la liberaci\u00f3n de las \u00f3rdenes de\naprehensi\u00f3n contra qui\u00e9n o quienes resulten sospechosos del asesinato Trinidad\nPortillo.<\/p>\n\n\n\n<p>Acompa\u00f1ados\nde los taxistas, por ser el extinto profesor uno de los precursores del gremio\nen el lugar, los deudos del ex docente sentenciaron que no se retirar\u00e1n del\nlugar hasta que se cumpla su demanda.<\/p>\n\n\n\n<p>Los informes estacionarios veh\u00edculos del transporte p\u00fablico de taxis frente a la dependencia, as\u00ed como instalaron cartulinas con leyendas que dictan: \u201cAlto a la impunidad, justicia para Portillo\u201d.<\/p>\n\n\n\n<figure class=\"wp-block-image\"><img decoding=\"async\" width=\"903\" height=\"960\" src=\"http:\/\/www.zonaroja.com.mx\/wp-content\/uploads\/2020\/07\/Protesta-Fiscal\u00eca-Putla-2.jpg\" alt=\"\" class=\"wp-image-15156\" srcset=\"https:\/\/zonaroja.com.mx\/wp-content\/uploads\/2020\/07\/Protesta-Fiscal\u00eca-Putla-2.jpg 903w, https:\/\/zonaroja.com.mx\/wp-content\/uploads\/2020\/07\/Protesta-Fiscal\u00eca-Putla-2-282x300.jpg 282w, https:\/\/zonaroja.com.mx\/wp-content\/uploads\/2020\/07\/Protesta-Fiscal\u00eca-Putla-2-768x816.jpg 768w, https:\/\/zonaroja.com.mx\/wp-content\/uploads\/2020\/07\/Protesta-Fiscal\u00eca-Putla-2-585x622.jpg 585w\" sizes=\"(max-width: 903px) 100vw, 903px\" \/><\/figure>\n\n\n\n<p>Jos\u00e9\nTrinidad fue localizado sin vida el pasado 15 de julio de reportarse su\ndesaparici\u00f3n desde el 11 de julio al salir de su domicilio.<\/p>\n\n\n\n<p>Su cuerpo\nse hall\u00f3 en el tramo carretero de la comunidad de Santa Mar\u00eda Zacatepec a San\nPedro Amuzgos, en la localidad de la Guadalupe, Barrio de los Pobres del\nmunicipio de San Pedro Amuzgos.<\/p>\n\n\n\n<p>Tras el\nhallazgo, la Secci\u00f3n 22 del SNTE tambi\u00e9n manifest\u00f3 su exigencia a la Fiscal\u00eda\nGeneral de Oaxaca para una inmediata aplicaci\u00f3n de justicia.<\/p>\n\n\n\n<p>Ayer jueves\nlas oficinas de la Fiscal\u00eca en Putla tambi\u00e9n permaneci\u00f3 tomada por habitantes\nind\u00edgenas de la regi\u00f3n Triqui.<\/p>\n","protected":false},"excerpt":{"rendered":"<p>Yuridiana Sosa Oaxaca de Ju\u00e1rez, Oax., 17 de julio de 2020.- Familiares del profesor jubilado&hellip;<\/p>\n","protected":false},"author":2,"featured_media":15155,"comment_status":"closed","ping_status":"open","sticky":false,"template":"","format":"standard","meta":{"_lmt_disableupdate":"","_lmt_disable":"","_jetpack_memberships_contains_paid_content":false,"footnotes":""},"categories":[109,47],"tags":[969],"class_list":["post-15154","post","type-post","status-publish","format-standard","has-post-thumbnail","hentry","category-minuto-a-minuto","category-zona-gris","tag-putla-villa-de-guerrero"],"jetpack_featured_media_url":"https:\/\/zonaroja.com.mx\/wp-content\/uploads\/2020\/07\/Protesta-Fiscal\u00eca-Putla-1.jpg","jetpack_sharing_enabled":true,"_links":{"self":[{"href":"https:\/\/zonaroja.com.mx\/index.php?rest_route=\/wp\/v2\/posts\/15154","targetHints":{"allow":["GET"]}}],"collection":[{"href":"https:\/\/zonaroja.com.mx\/index.php?rest_route=\/wp\/v2\/posts"}],"about":[{"href":"https:\/\/zonaroja.com.mx\/index.php?rest_route=\/wp\/v2\/types\/post"}],"author":[{"embeddable":true,"href":"https:\/\/zonaroja.com.mx\/index.php?rest_route=\/wp\/v2\/users\/2"}],"replies":[{"embeddable":true,"href":"https:\/\/zonaroja.com.mx\/index.php?rest_route=%2Fwp%2Fv2%2Fcomments&post=15154"}],"version-history":[{"count":2,"href":"https:\/\/zonaroja.com.mx\/index.php?rest_route=\/wp\/v2\/posts\/15154\/revisions"}],"predecessor-version":[{"id":15165,"href":"https:\/\/zonaroja.com.mx\/index.php?rest_route=\/wp\/v2\/posts\/15154\/revisions\/15165"}],"wp:featuredmedia":[{"embeddable":true,"href":"https:\/\/zonaroja.com.mx\/index.php?rest_route=\/wp\/v2\/media\/15155"}],"wp:attachment":[{"href":"https:\/\/zonaroja.com.mx\/index.php?rest_route=%2Fwp%2Fv2%2Fmedia&parent=15154"}],"wp:term":[{"taxonomy":"category","embeddable":true,"href":"https:\/\/zonaroja.com.mx\/index.php?rest_route=%2Fwp%2Fv2%2Fcategories&post=15154"},{"taxonomy":"post_tag","embeddable":true,"href":"https:\/\/zonaroja.com.mx\/index.php?rest_route=%2Fwp%2Fv2%2Ftags&post=15154"}],"curies":[{"name":"wp","href":"https:\/\/api.w.org\/{rel}","templated":true}]}}