{"id":15159,"date":"2020-07-17T15:48:57","date_gmt":"2020-07-17T20:48:57","guid":{"rendered":"http:\/\/www.zonaroja.com.mx\/?p=15159"},"modified":"2020-07-17T15:49:02","modified_gmt":"2020-07-17T20:49:02","slug":"de-regreso-al-semaforo-rojo-ambulantaje-al-tope-en-la-ciudad-de-oaxaca","status":"publish","type":"post","link":"https:\/\/zonaroja.com.mx\/?p=15159","title":{"rendered":"De regreso al sem\u00e1foro rojo, ambulantaje al tope en la ciudad de Oaxaca"},"content":{"rendered":"\n<p>Evlin\nArag\u00f3n\/Zona Roja.<\/p>\n\n\n\n<p>Oaxaca de\nJu\u00e1rez, Oax., 17 de julio de 2020.- Ante el anuncio del inminente regreso de\nOaxaca al color rojo en el sem\u00e1foro epidemiol\u00f3gico por la contingencia\nsanitaria de Covid-19, los puestos ambulantes se encuentran al tope en la\ncapital del estado, ello, aunque no expenden productos esenciales como lo\nestablecen los lineamientos del regreso paulatino a la \u201cnueva normalidad\u201d\nemitido por las autoridades.<\/p>\n\n\n\n<p>En un\nrecorrido realizado por ZONA ROJA, se pudo observar que la Alameda de Le\u00f3n\nregistra presencia importante de vendedoras y vendedores ambulantes, incluido\nel grupo de ind\u00edgenas triquis que desde hace a\u00f1os ocupan el andador Antonio de\nLe\u00f3n, cuyos puestos de ropa t\u00edpica y artesan\u00edas han abierto en su mayor\u00eda.<\/p>\n\n\n\n<p>La calle de Independencia, a un costado de las oficinas de Correos de M\u00e9xico, registra presencia tambi\u00e9n de comercios en la v\u00eda p\u00fablica, y los tianguis de la colonia Reforma y la calle Derechos Humanos, junto al Polideportivo, han regresado a la normalidad de instalarse los d\u00edas martes y viernes, incluso aunque no ofrezcan productos esenciales.<\/p>\n\n\n\n<figure class=\"wp-block-embed-twitter wp-block-embed is-type-rich is-provider-twitter\"><div class=\"wp-block-embed__wrapper\">\n<div class=\"twitter-tweet\"><blockquote class=\"twitter-tweet\" data-lang=\"es\"><p lang=\"es\" dir=\"ltr\"><a href=\"https:\/\/twitter.com\/hashtag\/%C3%9AltimoMinuto?src=hash&amp;ref_src=twsrc%5Etfw\">#\u00daltimoMinuto<\/a> <br>In\u00e9dito incremento de la movilidad de personas en la ciudad de <a href=\"https:\/\/twitter.com\/hashtag\/Oaxaca?src=hash&amp;ref_src=twsrc%5Etfw\">#Oaxaca<\/a>; aumento desmesurado de ambulantes en Centro Hist\u00f3rico; incapaz el edil de <a href=\"https:\/\/twitter.com\/MunicipioOaxaca?ref_src=twsrc%5Etfw\">@MunicipioOaxaca<\/a>, <a href=\"https:\/\/twitter.com\/oswaldogarciaj?ref_src=twsrc%5Etfw\">@oswaldogarciaj<\/a>, de contener y prevenir contagios de Covid. <a href=\"https:\/\/twitter.com\/nathanoax?ref_src=twsrc%5Etfw\">@nathanoax<\/a> <a href=\"https:\/\/twitter.com\/Gelosnivon?ref_src=twsrc%5Etfw\">@Gelosnivon<\/a> <a href=\"https:\/\/twitter.com\/raulfrancov?ref_src=twsrc%5Etfw\">@raulfrancov<\/a> <a href=\"https:\/\/t.co\/1evf7iyNJK\">pic.twitter.com\/1evf7iyNJK<\/a><\/p>&mdash; Zona Roja Oaxaca (@MexRoja) <a href=\"https:\/\/twitter.com\/MexRoja\/status\/1284182464164966400?ref_src=twsrc%5Etfw\">17 de julio de 2020<\/a><\/blockquote><\/div>\n<\/div><\/figure>\n\n\n\n<p>Desde\nantes de la pandemia, la autoridad municipal encabezada por Oswaldo Garc\u00eda\nJarqu\u00edn, no hab\u00eda podido contener la instalaci\u00f3n de puesto ambulantes en las\ncalles del Centro Hist\u00f3rico, por el contrario, hab\u00eda autorizado de manera\ntemporal la presencia de \u00e9stos en el Andador Tur\u00edstico.<\/p>\n\n\n\n<p>La\nreinstalaci\u00f3n de los puestos ambulantes tambi\u00e9n ha tra\u00eddo enfrentamientos entre\ngrupos que se disputan el control de la v\u00eda p\u00fablica, este viernes se registr\u00f3\nla pugna por un espacio, entre integrantes de la organizaci\u00f3n \u201c14 de Junio\u201d,\nello en inmediaciones de avenida Eduardo Mata y S\u00edmbolos Patrios.<\/p>\n\n\n\n<p>Aunque la situaci\u00f3n se puso tensa, no hubo presencia por parte de las autoridades y \u00fanicamente amenazas de ambos bandos que argumentaban la propiedad de una banqueta en la que ya no se puede transitar debido a la presencia de puestos de ropa y bolsas para dama.<\/p>\n\n\n\n<figure class=\"wp-block-embed-twitter wp-block-embed is-type-rich is-provider-twitter\"><div class=\"wp-block-embed__wrapper\">\n<div class=\"twitter-tweet\"><blockquote class=\"twitter-tweet\" data-lang=\"es\"><p lang=\"es\" dir=\"ltr\"><a href=\"https:\/\/twitter.com\/hashtag\/NuevaNormalidadOaxaca?src=hash&amp;ref_src=twsrc%5Etfw\">#NuevaNormalidadOaxaca<\/a><br>Tambi\u00e9n el descuido, o la autorizaci\u00f3n, del <a href=\"https:\/\/twitter.com\/MunicipioOaxaca?ref_src=twsrc%5Etfw\">@MunicipioOaxaca<\/a>, permiti\u00f3 hoy la instalaci\u00f3n del tianguis en la calle Derechos Humanos y contorno del Polideportivo de la capital oaxaque\u00f1a. <a href=\"https:\/\/t.co\/sPnM2wKb8H\">pic.twitter.com\/sPnM2wKb8H<\/a><\/p>&mdash; Zona Roja Oaxaca (@MexRoja) <a href=\"https:\/\/twitter.com\/MexRoja\/status\/1284217463987675137?ref_src=twsrc%5Etfw\">17 de julio de 2020<\/a><\/blockquote><\/div>\n<\/div><\/figure>\n\n\n\n<p>Apenas el\nmartes se registr\u00f3 otro zafarrancho en pleno Centro Hist\u00f3rico protagonizado por\nvendedoras y vendedores ambulantes en pugna de un s\u00f3lo puesto ubicado en la\ncalle de Bustamante, que ocasion\u00f3 el enfrentamiento entre integrantes de las\norganizaciones \u00ab14 de Junio\u00bb y \u00abSiglo XXI\u00bb, por lo que al\nlugar arribaron elementos de la polic\u00eda municipal para contener los \u00e1nimos.<\/p>\n\n\n\n<p>Este\nviernes tambi\u00e9n y de forma in\u00e9dita la ciudadan\u00eda circula por cientos en el\nCentro Hist\u00f3rico de la Ciudad, pese al llamado de las autoridades de quedarse\nen casa, en caso de no desempe\u00f1ar una actividad esencial y ante el riesgo que\nexiste todav\u00eda de contagio por Covid-19.<\/p>\n","protected":false},"excerpt":{"rendered":"<p>Evlin Arag\u00f3n\/Zona Roja. Oaxaca de Ju\u00e1rez, Oax., 17 de julio de 2020.- Ante el anuncio&hellip;<\/p>\n","protected":false},"author":2,"featured_media":15160,"comment_status":"closed","ping_status":"open","sticky":false,"template":"","format":"standard","meta":{"_lmt_disableupdate":"","_lmt_disable":"","_jetpack_memberships_contains_paid_content":false,"footnotes":""},"categories":[109,47],"tags":[1843,148],"class_list":["post-15159","post","type-post","status-publish","format-standard","has-post-thumbnail","hentry","category-minuto-a-minuto","category-zona-gris","tag-comerciantes-ambulantes-ciudad-de-oaxaca","tag-oaxaca-de-juarez"],"jetpack_featured_media_url":"https:\/\/zonaroja.com.mx\/wp-content\/uploads\/2020\/07\/Ambulantes-ciudad-de-Oaxaca.jpg","jetpack_sharing_enabled":true,"_links":{"self":[{"href":"https:\/\/zonaroja.com.mx\/index.php?rest_route=\/wp\/v2\/posts\/15159","targetHints":{"allow":["GET"]}}],"collection":[{"href":"https:\/\/zonaroja.com.mx\/index.php?rest_route=\/wp\/v2\/posts"}],"about":[{"href":"https:\/\/zonaroja.com.mx\/index.php?rest_route=\/wp\/v2\/types\/post"}],"author":[{"embeddable":true,"href":"https:\/\/zonaroja.com.mx\/index.php?rest_route=\/wp\/v2\/users\/2"}],"replies":[{"embeddable":true,"href":"https:\/\/zonaroja.com.mx\/index.php?rest_route=%2Fwp%2Fv2%2Fcomments&post=15159"}],"version-history":[{"count":1,"href":"https:\/\/zonaroja.com.mx\/index.php?rest_route=\/wp\/v2\/posts\/15159\/revisions"}],"predecessor-version":[{"id":15161,"href":"https:\/\/zonaroja.com.mx\/index.php?rest_route=\/wp\/v2\/posts\/15159\/revisions\/15161"}],"wp:featuredmedia":[{"embeddable":true,"href":"https:\/\/zonaroja.com.mx\/index.php?rest_route=\/wp\/v2\/media\/15160"}],"wp:attachment":[{"href":"https:\/\/zonaroja.com.mx\/index.php?rest_route=%2Fwp%2Fv2%2Fmedia&parent=15159"}],"wp:term":[{"taxonomy":"category","embeddable":true,"href":"https:\/\/zonaroja.com.mx\/index.php?rest_route=%2Fwp%2Fv2%2Fcategories&post=15159"},{"taxonomy":"post_tag","embeddable":true,"href":"https:\/\/zonaroja.com.mx\/index.php?rest_route=%2Fwp%2Fv2%2Ftags&post=15159"}],"curies":[{"name":"wp","href":"https:\/\/api.w.org\/{rel}","templated":true}]}}