{"id":15166,"date":"2020-07-17T16:19:00","date_gmt":"2020-07-17T21:19:00","guid":{"rendered":"http:\/\/www.zonaroja.com.mx\/?p=15166"},"modified":"2020-07-17T17:12:18","modified_gmt":"2020-07-17T22:12:18","slug":"desde-casa-pedro-lezama-continuara-recuperacion-para-evitar-contagio-de-covid","status":"publish","type":"post","link":"https:\/\/zonaroja.com.mx\/?p=15166","title":{"rendered":"Desde casa, Pedro Lezama continuar\u00e1 recuperaci\u00f3n para evitar contagio de Covid"},"content":{"rendered":"\n<p>Yuridiana\nSosa\/Zona Roja.<\/p>\n\n\n\n<p>San Juan\nBautista Tuxtepec, Oax., 17 de julio de 2020.- Como medida de seguridad\nsanitaria para evitar contagio de Covid-19, el becario de \u201cJ\u00f3venes construyendo\nel futuro\u201d, Pedro Lezama Hern\u00e1ndez, egres\u00f3 del Centro M\u00e9dico Nacional \u201cLa Raza\u201d\npara continuar su proceso de recuperaci\u00f3n desde casa, pero en la Ciudad de\nM\u00e9xico.<\/p>\n\n\n\n<p>Con\ncubreboca, gorra y guantes, como medidas de protecci\u00f3n personal, el joven\ntuxtepecano sali\u00f3 caminando, sin ayuda, del nosocomio que se convirti\u00f3 en su\ncasa desde el pasado 3 de diciembre, cuando ingres\u00f3 bajo un pron\u00f3stico m\u00e9dico\ngrave.<\/p>\n\n\n\n<p>Las\nim\u00e1genes del exitoso resultado de atenciones m\u00e9dicas y la lucha personal de\nLezama durante ocho meses en tres hospitales por el accidente del pasado 19 de\nnoviembre, fueron compartidas por sus padres en redes sociales este jueves.<\/p>\n\n\n\n<p>\u201cFelicidades hijo, hoy 16 de julio despu\u00e9s de ocho meses has demostrado ser todo un campe\u00f3n por la batalla que has enfrentado y librado\u201d, escribi\u00f3 su madre Claudia Edith Hern\u00e1ndez.<\/p>\n\n\n\n<figure class=\"wp-block-embed-twitter wp-block-embed is-type-rich is-provider-twitter\"><div class=\"wp-block-embed__wrapper\">\n<div class=\"twitter-tweet\"><blockquote class=\"twitter-tweet\" data-lang=\"es\"><p lang=\"es\" dir=\"ltr\"><a href=\"https:\/\/twitter.com\/hashtag\/HechoEnOaxaca?src=hash&amp;ref_src=twsrc%5Etfw\">#HechoEnOaxaca<\/a><br>\u00a1Bravo! \u00a1Bravo! Al ritmo de \u201cWe are the champions\u201d, sali\u00f3 caminando el tuxtepecano Pedro Lezama, tras ocho meses de atenci\u00f3n m\u00e9dica luego de grave accidente. <br>Seguir\u00e1 atendido en casa, para evitar contagios por Covid. <br>\ud83d\udc4f\ud83d\udc4f\ud83d\udc4f\ud83d\udc4f\ud83d\udc4f\ud83d\udc4f <a href=\"https:\/\/t.co\/VgkAqhwdAz\">pic.twitter.com\/VgkAqhwdAz<\/a><\/p>&mdash; Zona Roja Oaxaca (@MexRoja) <a href=\"https:\/\/twitter.com\/MexRoja\/status\/1284235597264105472?ref_src=twsrc%5Etfw\">17 de julio de 2020<\/a><\/blockquote><\/div>\n<\/div><\/figure>\n\n\n\n<p>Los\npadres explicaron que el hospital donde es atendido Pedro, recibe a pacientes\nCovid, demanda m\u00e9dica que cada vez es m\u00e1s elevada, lo que pone en riesgo el\nproceso de recuperaci\u00f3n y la salud el joven, recientemente intervenido\nquir\u00fargicamente.<\/p>\n\n\n\n<p>Motivo\npor el que la direcci\u00f3n del Hospital IMSS \u201cLa Raza\u201d decidi\u00f3 que contin\u00fae su\nrecuperaci\u00f3n en casa, sin que eso representa un alta ni se descuide la\nvigilancia m\u00e9dica del proceso del joven.<\/p>\n\n\n\n<p>Por\nseguridad, Pedro y su familia se instalaron en un nuevo domicilio e en la\nCiudad de M\u00e9xico, cercano al hospital, para seguir con las citas y atender\ncualquier emergencia, por lo tampoco es posible regresar a su natal Tuxtepec.<\/p>\n\n\n\n<p>Lezama\nHern\u00e1ndez sufri\u00f3 un accidente que casi le cuesta la vida mientras realizaba\nactividades labores como becario del ayuntamiento de Tuxtepec el pasado 19 de\nnoviembre. Desde ese entonces ha sido intervenido quir\u00fargicamente en siete\nocasiones y ha pasado por tres hospitales.<\/p>\n","protected":false},"excerpt":{"rendered":"<p>Yuridiana Sosa\/Zona Roja. San Juan Bautista Tuxtepec, Oax., 17 de julio de 2020.- Como medida&hellip;<\/p>\n","protected":false},"author":2,"featured_media":15168,"comment_status":"closed","ping_status":"open","sticky":false,"template":"","format":"standard","meta":{"_lmt_disableupdate":"","_lmt_disable":"","_jetpack_memberships_contains_paid_content":false,"footnotes":""},"categories":[109,46],"tags":[1064],"class_list":["post-15166","post","type-post","status-publish","format-standard","has-post-thumbnail","hentry","category-minuto-a-minuto","category-zona-blanca","tag-pedro-alberto-lezama-hernandez"],"jetpack_featured_media_url":"https:\/\/zonaroja.com.mx\/wp-content\/uploads\/2020\/07\/img_9971.jpg","jetpack_sharing_enabled":true,"_links":{"self":[{"href":"https:\/\/zonaroja.com.mx\/index.php?rest_route=\/wp\/v2\/posts\/15166","targetHints":{"allow":["GET"]}}],"collection":[{"href":"https:\/\/zonaroja.com.mx\/index.php?rest_route=\/wp\/v2\/posts"}],"about":[{"href":"https:\/\/zonaroja.com.mx\/index.php?rest_route=\/wp\/v2\/types\/post"}],"author":[{"embeddable":true,"href":"https:\/\/zonaroja.com.mx\/index.php?rest_route=\/wp\/v2\/users\/2"}],"replies":[{"embeddable":true,"href":"https:\/\/zonaroja.com.mx\/index.php?rest_route=%2Fwp%2Fv2%2Fcomments&post=15166"}],"version-history":[{"count":1,"href":"https:\/\/zonaroja.com.mx\/index.php?rest_route=\/wp\/v2\/posts\/15166\/revisions"}],"predecessor-version":[{"id":15167,"href":"https:\/\/zonaroja.com.mx\/index.php?rest_route=\/wp\/v2\/posts\/15166\/revisions\/15167"}],"wp:featuredmedia":[{"embeddable":true,"href":"https:\/\/zonaroja.com.mx\/index.php?rest_route=\/wp\/v2\/media\/15168"}],"wp:attachment":[{"href":"https:\/\/zonaroja.com.mx\/index.php?rest_route=%2Fwp%2Fv2%2Fmedia&parent=15166"}],"wp:term":[{"taxonomy":"category","embeddable":true,"href":"https:\/\/zonaroja.com.mx\/index.php?rest_route=%2Fwp%2Fv2%2Fcategories&post=15166"},{"taxonomy":"post_tag","embeddable":true,"href":"https:\/\/zonaroja.com.mx\/index.php?rest_route=%2Fwp%2Fv2%2Ftags&post=15166"}],"curies":[{"name":"wp","href":"https:\/\/api.w.org\/{rel}","templated":true}]}}