{"id":15173,"date":"2020-07-17T21:18:59","date_gmt":"2020-07-18T02:18:59","guid":{"rendered":"http:\/\/www.zonaroja.com.mx\/?p=15173"},"modified":"2020-07-17T21:33:47","modified_gmt":"2020-07-18T02:33:47","slug":"confirman-regreso-a-semaforo-rojo-hoy-25-decesos-y-223-casos-nuevos","status":"publish","type":"post","link":"https:\/\/zonaroja.com.mx\/?p=15173","title":{"rendered":"Confirman regreso a sem\u00e1foro rojo; hoy 25 decesos y 223 casos nuevos"},"content":{"rendered":"\n<p>Redacci\u00f3n\/Zona\nRoja.<\/p>\n\n\n\n<p>Oaxaca de\nJu\u00e1rez, Oax., 17 de julio de 2020.- La Secretar\u00eda Salud federal confirm\u00f3 que,\ndebido al incremento de casos positivos y defunciones por Covid-19, el estado\nde Oaxaca regresar\u00e1 al sem\u00e1foro rojo a partir del pr\u00f3ximo lunes y por 15 d\u00edas,\ncon lo que de nuevo se paralizar\u00e1n todas las actividades no esenciales.<\/p>\n\n\n\n<p>Y es que este viernes, la dependencia Servicios de Salud de Oaxaca (SSO) confirm\u00f3 que en las \u00faltimas 24 horas se registraron 25 fallecimientos y 223 casos positivos.<\/p>\n\n\n\n<p>Inform\u00f3\nque este 17 de julio, se tiene el registro de ocho mil 374 casos confirmados a\nCovid-19 en la entidad.<\/p>\n\n\n\n<p>Agreg\u00f3\nque se han notificado 13 mil 333 casos, de los cuales tres mil 936 han sido\nnegativos, mil 23 son casos sospechosos en espera de resultados por\nlaboratorio, siete mil 069 se han recuperado y lamentablemente hoy se registran\n25 decesos, que suman 809; hay 496 casos activos.<\/p>\n\n\n\n<p>Mencion\u00f3\nque la Jurisdicci\u00f3n Sanitaria n\u00famero uno Valles Centrales, registra cinco mil\n466 casos y 419 defunciones, Tuxtepec mil 214 casos y 177 fallecimientos, Istmo\n748 y 107 decesos, Mixteca 459 y 49 defunciones, Costa 334 y 30 muertes y la\nSierra 153 y 27 defunciones.<\/p>\n\n\n\n<p>De los 223 casos nuevos registrados al corte epidemiol\u00f3gico del d\u00eda de hoy, se ubican en 34 municipios, siendo los que mayor n\u00famero de casos presentan: Oaxaca de Ju\u00e1rez con 62, San Juan Bautista Tuxtepec con 23, Santa Cruz Xoxocotl\u00e1n 16, Santa Mar\u00eda Atzompa nueve, San Jacinto Amilpas y Ejutla de Crespo ocho cada uno, San Miguel Soyaltepec siete, y el resto seis, cinco, cuatro, tres, dos y uno.<\/p>\n\n\n\n<figure class=\"wp-block-embed-twitter wp-block-embed is-type-rich is-provider-twitter\"><div class=\"wp-block-embed__wrapper\">\n<div class=\"twitter-tweet\"><blockquote class=\"twitter-tweet\" data-lang=\"es\"><p lang=\"es\" dir=\"ltr\">Solo con la responsabilidad en la pr\u00e1ctica de las medidas preventivas del <a href=\"https:\/\/twitter.com\/hashtag\/COVID19?src=hash&amp;ref_src=twsrc%5Etfw\">#COVID19<\/a>, por parte de todas y todos, podremos salir adelante, <a href=\"https:\/\/twitter.com\/hashtag\/NoBajemosLaGuardia?src=hash&amp;ref_src=twsrc%5Etfw\">#NoBajemosLaGuardia<\/a>. <a href=\"https:\/\/t.co\/WL0AJilO9f\">pic.twitter.com\/WL0AJilO9f<\/a><\/p>&mdash; Servicios de Salud (@SSO_GobOax) <a href=\"https:\/\/twitter.com\/SSO_GobOax\/status\/1284309616399007744?ref_src=twsrc%5Etfw\">18 de julio de 2020<\/a><\/blockquote><\/div>\n<\/div><\/figure>\n\n\n\n<p>Los SSO\nhan atendido cinco mil 649 casos, el IMSS r\u00e9gimen ordinario mil 577, el ISSSTE\n494, IMSS Bienestar 303, Sedena 165, Semar 74, Pemex 65 y 47 otras\ninstituciones del sector. Se han contagiado 489 m\u00e9dicos, 631 personal de\nenfermer\u00eda y 431 otros trabajadores del sector.<\/p>\n\n\n\n<p>De los\n496 casos activos, la Jurisdicci\u00f3n Sanitaria n\u00famero uno Valles Centrales\nregistra 262, Tuxtepec 122, Mixteca 44, Istmo 33, Costa 30 y la Sierra cinco\ncasos activos.<\/p>\n\n\n\n<p>Hay una\nocupaci\u00f3n hospitalaria global es del 45.6%, que se encuentra distribuido de la\nsiguiente manera: los SSO con un 37.7%, el HRAEO 64.5%, el Hospital de la Ni\u00f1ez\nOaxaque\u00f1a 100%, Sedena 44.5%, ISSSTE 53.3%, IMSS ordinario 49.7%, IMSS\nBienestar 22.6%, Pemex 100% y Semar 73.3%.<\/p>\n\n\n\n<p>Dijo que\nse pueden comunicar a los n\u00fameros telef\u00f3nicos: 800 770 8437, 951 516 8242, 951\n516 1220, y 951 297 5741, ante la presencia de cualquier s\u00edntoma como: fiebre,\ntos seca, dolor de garganta, cansancio, dolor de cabeza, p\u00e9rdida de olfato o\ngusto.<\/p>\n","protected":false},"excerpt":{"rendered":"<p>Redacci\u00f3n\/Zona Roja. Oaxaca de Ju\u00e1rez, Oax., 17 de julio de 2020.- La Secretar\u00eda Salud federal&hellip;<\/p>\n","protected":false},"author":2,"featured_media":15174,"comment_status":"closed","ping_status":"open","sticky":false,"template":"","format":"standard","meta":{"_lmt_disableupdate":"","_lmt_disable":"","_jetpack_memberships_contains_paid_content":false,"footnotes":""},"categories":[109,47],"tags":[1512],"class_list":["post-15173","post","type-post","status-publish","format-standard","has-post-thumbnail","hentry","category-minuto-a-minuto","category-zona-gris","tag-coronavirus-oaxaca"],"jetpack_featured_media_url":"https:\/\/zonaroja.com.mx\/wp-content\/uploads\/2020\/07\/Covid-17-julio.jpg","jetpack_sharing_enabled":true,"_links":{"self":[{"href":"https:\/\/zonaroja.com.mx\/index.php?rest_route=\/wp\/v2\/posts\/15173","targetHints":{"allow":["GET"]}}],"collection":[{"href":"https:\/\/zonaroja.com.mx\/index.php?rest_route=\/wp\/v2\/posts"}],"about":[{"href":"https:\/\/zonaroja.com.mx\/index.php?rest_route=\/wp\/v2\/types\/post"}],"author":[{"embeddable":true,"href":"https:\/\/zonaroja.com.mx\/index.php?rest_route=\/wp\/v2\/users\/2"}],"replies":[{"embeddable":true,"href":"https:\/\/zonaroja.com.mx\/index.php?rest_route=%2Fwp%2Fv2%2Fcomments&post=15173"}],"version-history":[{"count":2,"href":"https:\/\/zonaroja.com.mx\/index.php?rest_route=\/wp\/v2\/posts\/15173\/revisions"}],"predecessor-version":[{"id":15176,"href":"https:\/\/zonaroja.com.mx\/index.php?rest_route=\/wp\/v2\/posts\/15173\/revisions\/15176"}],"wp:featuredmedia":[{"embeddable":true,"href":"https:\/\/zonaroja.com.mx\/index.php?rest_route=\/wp\/v2\/media\/15174"}],"wp:attachment":[{"href":"https:\/\/zonaroja.com.mx\/index.php?rest_route=%2Fwp%2Fv2%2Fmedia&parent=15173"}],"wp:term":[{"taxonomy":"category","embeddable":true,"href":"https:\/\/zonaroja.com.mx\/index.php?rest_route=%2Fwp%2Fv2%2Fcategories&post=15173"},{"taxonomy":"post_tag","embeddable":true,"href":"https:\/\/zonaroja.com.mx\/index.php?rest_route=%2Fwp%2Fv2%2Ftags&post=15173"}],"curies":[{"name":"wp","href":"https:\/\/api.w.org\/{rel}","templated":true}]}}