{"id":15178,"date":"2020-07-18T07:58:54","date_gmt":"2020-07-18T12:58:54","guid":{"rendered":"http:\/\/www.zonaroja.com.mx\/?p=15178"},"modified":"2020-07-18T08:17:48","modified_gmt":"2020-07-18T13:17:48","slug":"ejecutan-a-mototaxista-en-juchitan-tras-secuestrarlo","status":"publish","type":"post","link":"https:\/\/zonaroja.com.mx\/?p=15178","title":{"rendered":"Ejecutan a mototaxista en Juchit\u00e1n, tras secuestrarlo"},"content":{"rendered":"\n<p>Redacci\u00f3n\/Zona\nRoja Cdmx.<\/p>\n\n\n\n<p>Oaxaca de\nJu\u00e1rez, Oax., 18 de julio de 2020.- Un mototaxista fue secuestrado anoche en\nJuchit\u00e1n de Zaragoza y posteriormente asesinado de varios disparos de arma de\nfuego en la cabeza.<\/p>\n\n\n\n<p>El plagio\nocurri\u00f3 alrededor de las ocho de la noche cuando sujetos armados abordaron la\nunidad de motor del sitio \u201c11 de Enero\u201d, con n\u00famero econ\u00f3mico MT-1095. Momentos\nm\u00e1s tarde, el cad\u00e1ver fue localizado en inmediaciones de la colonia M\u00edstica de\nla S\u00e9ptima Secci\u00f3n de Juchit\u00e1n.<\/p>\n\n\n\n<p>La v\u00edctima\nfue identificada como Michel Sandoval N.; a pesar de los operativos de\nb\u00fasqueda, no se hall\u00f3 al o los probables responsables del homicidio.<\/p>\n\n\n\n<p>Por otra\nparte, fuentes de la Agencia Estatal confirmaron el asesinato de dos personas,\nentre ellas una mujer, en San Pedro Pochutla, quienes presuntamente viajaban a\nbordo de una motocicleta cuando fueron ultimados.<\/p>\n\n\n\n<p>Los cuerpos\nfueron localizados el jueves y hasta el momento no han sido identificados de\nmanera legal ni hay m\u00e1s informaci\u00f3n al respecto.<\/p>\n\n\n\n<p>En San Juan Colorado, tambi\u00e9n municipio de la regi\u00f3n Costa de Oaxaca, una ri\u00f1a dej\u00f3 como saldo un joven lesionado, la tarde del jueves. Fue trasladado a un hospital pero perdi\u00f3 la vida posteriormente.<\/p>\n\n\n\n<p>Por otra parte, anoche alrededor de las 22:00 horas se report\u00f3 una persecuci\u00f3n policiaca con detonaciones de armas de fuego, en inmediaciones de la agencia Cruz Blanca de Cuil\u00e1pam de Guerrero, en la regi\u00f3n Valles Centrales de la entidad.<\/p>\n\n\n\n<p>Supuestamente se trat\u00f3 de la b\u00fasqueda de traficantes de personas y en los hechos habr\u00eda resultado lesionada una persona, lo cual no ha sido confirmado por las autoridades policiales.<\/p>\n","protected":false},"excerpt":{"rendered":"<p>Redacci\u00f3n\/Zona Roja Cdmx. Oaxaca de Ju\u00e1rez, Oax., 18 de julio de 2020.- Un mototaxista fue&hellip;<\/p>\n","protected":false},"author":2,"featured_media":15179,"comment_status":"closed","ping_status":"open","sticky":false,"template":"","format":"standard","meta":{"_lmt_disableupdate":"","_lmt_disable":"","_jetpack_memberships_contains_paid_content":false,"footnotes":""},"categories":[109,51],"tags":[123],"class_list":["post-15178","post","type-post","status-publish","format-standard","has-post-thumbnail","hentry","category-minuto-a-minuto","category-zona-roja","tag-juchitan-de-zaragoza"],"jetpack_featured_media_url":"https:\/\/zonaroja.com.mx\/wp-content\/uploads\/2020\/07\/Mototaxista-ejecutado-Juchit\u00e1n.jpg","jetpack_sharing_enabled":true,"_links":{"self":[{"href":"https:\/\/zonaroja.com.mx\/index.php?rest_route=\/wp\/v2\/posts\/15178","targetHints":{"allow":["GET"]}}],"collection":[{"href":"https:\/\/zonaroja.com.mx\/index.php?rest_route=\/wp\/v2\/posts"}],"about":[{"href":"https:\/\/zonaroja.com.mx\/index.php?rest_route=\/wp\/v2\/types\/post"}],"author":[{"embeddable":true,"href":"https:\/\/zonaroja.com.mx\/index.php?rest_route=\/wp\/v2\/users\/2"}],"replies":[{"embeddable":true,"href":"https:\/\/zonaroja.com.mx\/index.php?rest_route=%2Fwp%2Fv2%2Fcomments&post=15178"}],"version-history":[{"count":2,"href":"https:\/\/zonaroja.com.mx\/index.php?rest_route=\/wp\/v2\/posts\/15178\/revisions"}],"predecessor-version":[{"id":15184,"href":"https:\/\/zonaroja.com.mx\/index.php?rest_route=\/wp\/v2\/posts\/15178\/revisions\/15184"}],"wp:featuredmedia":[{"embeddable":true,"href":"https:\/\/zonaroja.com.mx\/index.php?rest_route=\/wp\/v2\/media\/15179"}],"wp:attachment":[{"href":"https:\/\/zonaroja.com.mx\/index.php?rest_route=%2Fwp%2Fv2%2Fmedia&parent=15178"}],"wp:term":[{"taxonomy":"category","embeddable":true,"href":"https:\/\/zonaroja.com.mx\/index.php?rest_route=%2Fwp%2Fv2%2Fcategories&post=15178"},{"taxonomy":"post_tag","embeddable":true,"href":"https:\/\/zonaroja.com.mx\/index.php?rest_route=%2Fwp%2Fv2%2Ftags&post=15178"}],"curies":[{"name":"wp","href":"https:\/\/api.w.org\/{rel}","templated":true}]}}