{"id":15181,"date":"2020-07-18T08:08:59","date_gmt":"2020-07-18T13:08:59","guid":{"rendered":"http:\/\/www.zonaroja.com.mx\/?p=15181"},"modified":"2020-07-18T08:09:02","modified_gmt":"2020-07-18T13:09:02","slug":"espana-entrego-sano-a-lozoya-llega-a-mexico-y-se-enferma","status":"publish","type":"post","link":"https:\/\/zonaroja.com.mx\/?p=15181","title":{"rendered":"Espa\u00f1a entreg\u00f3 sano a Lozoya; llega a M\u00e9xico y se \u201cenferma\u201d"},"content":{"rendered":"\n<p>Redacci\u00f3n\/Zona\nRoja Cdmx. Foto: Expansi\u00f3n<\/p>\n\n\n\n<p>Ciudad de\nM\u00e9xico, 18 de julio de 2020.- El ex director de Petr\u00f3leos Mexicanos (Pemex),\nEmilio Lozoya, fue entregado por la justicia espa\u00f1ola sano y salvo. Pero al\nllegar a M\u00e9xico, fue reportado como \u201cenfermo\u201d\u2026 para no pisar la c\u00e1rcel.<\/p>\n\n\n\n<p>La madrugada\nde ayer, en un presunto montaje, al menos cinco unidades de motor blindadas\nllegaron al Reclusorio Norte; diversos medios de comunicaci\u00f3n tomaron fotograf\u00edas\ny videos del supuesto Lozoya, pero en realidad se trat\u00f3 de un montaje, pues\nnunca lleg\u00f3 al penal.<\/p>\n\n\n\n<p>La Fiscal\u00eda\nGeneral de la Rep\u00fablica justific\u00f3 que presenta un cuadro de anemia y problemas\nde es\u00f3fago, por lo cual fue internado en el Hospital \u00c1ngeles de El Pedregal.<\/p>\n\n\n\n<p>De acuerdo\ncon diversas fuentes, el tiempo que dure en tratamiento servir\u00e1 para consolidar\nacuerdos de colaboraci\u00f3n con el Ministerio P\u00fablico federal, lo que permitir\u00e1\nreducir a su m\u00ednima expresi\u00f3n las sentencias que se pudieran dictar en su\ncontra.<\/p>\n\n\n\n<p>Esto,\naprovechando los criterios de oportunidad que considera el nuevo sistema de\njusticia penal, al aportar elementos de prueba para perseguir a implicados en\notros casos de corrupci\u00f3n o desv\u00edos de recursos p\u00fablicos, con lo cual podr\u00eda\nconvertirse en testigo colaborador y no ser perseguido por otros delitos en los\nque hubiera participado, se\u00f1alaron funcionarios federales.<\/p>\n\n\n\n<p>La Fiscal\u00eda General lo traslad\u00f3 alrededor de las tres de la ma\u00f1ana en un helic\u00f3ptero del hangar que posee en el Aeropuerto Internacional de la Ciudad de M\u00e9xico (AICM) a un hospital para recibir atenci\u00f3n m\u00e9dica.<\/p>\n\n\n\n<figure class=\"wp-block-embed-twitter wp-block-embed is-type-rich is-provider-twitter\"><div class=\"wp-block-embed__wrapper\">\n<div class=\"twitter-tweet\"><blockquote class=\"twitter-tweet\" data-lang=\"es\"><p lang=\"es\" dir=\"ltr\"><a href=\"https:\/\/twitter.com\/hashtag\/%C3%9AltimaHora?src=hash&amp;ref_src=twsrc%5Etfw\">#\u00daltimaHora<\/a> <br>As\u00ed lleg\u00f3 esta madrugada el ex director de Pemex, Emilio Lozoya a M\u00e9xico, extraditado de Espa\u00f1a; antes de ingresar al reclusorio, fue llevado a un hospital, presuntamente por encontrarse enfermo. <br>Video: <a href=\"https:\/\/twitter.com\/SoyAlanRoberto?ref_src=twsrc%5Etfw\">@SoyAlanRoberto<\/a> <a href=\"https:\/\/t.co\/IHUPxPrGA5\">pic.twitter.com\/IHUPxPrGA5<\/a><\/p>&mdash; Zona Roja Oaxaca (@MexRoja) <a href=\"https:\/\/twitter.com\/MexRoja\/status\/1284102023345049601?ref_src=twsrc%5Etfw\">17 de julio de 2020<\/a><\/blockquote><\/div>\n<\/div><\/figure>\n\n\n\n<p>Para\nrealizar los procedimientos jur\u00eddicos luego de la extradici\u00f3n de Emilio Lozoya,\nun convoy de camionetas con polic\u00edas, peritos y agentes del Ministerio P\u00fablico\narribaron al hangar a las 21:25 horas del jueves. El abogado del imputado,\nMiguel Ontiveros, lo hizo a las 22:40.<\/p>\n\n\n\n<p>Esto luego\nde que el ex funcionario hab\u00eda partido a las 10 de la ma\u00f1ana del jueves de\nMadrid, Espa\u00f1a, hacia M\u00e9xico, en un avi\u00f3n Bombardier Challenger 605, matr\u00edcula\nXB-NWD. El vuelo dur\u00f3 12 horas con 44 minutos.<\/p>\n\n\n\n<p>Tras su\naterrizaje en la ciudad de M\u00e9xico, la FGR aplic\u00f3 el protocolo correspondiente\nen el que el Ministerio P\u00fablico federal le ley\u00f3 sus derechos y le inform\u00f3 que\nse le estaban ejecutando las \u00f3rdenes de captura por los casos Agronitrogenados\ny Odebrecht, y que desde ese momento quedaba detenido.<\/p>\n\n\n\n<p>Lozoya\nAustin, seg\u00fan las investigaciones, recibi\u00f3 sobornos por m\u00e1s de 10.5 millones de\nd\u00f3lares por beneficiar a la empresa brasile\u00f1a \u2013por contactar a sus\nrepresentantes con empresarios y pol\u00edticos mexicanos, as\u00ed como otorgar\ncontratos de manera directa\u2013.<\/p>\n\n\n\n<p>Tambi\u00e9n m\u00e1s\nde dos millones de d\u00f3lares por haber adquirido con sobreprecio de 200 millones\nde d\u00f3lares la empresa dedicada a producir fertilizantes a la compa\u00f1\u00eda Altos\nHornos de M\u00e9xico, de Alonso Ancira, tambi\u00e9n detenido en Espa\u00f1a y sujeto a\njuicio de extradici\u00f3n a petici\u00f3n de autoridades mexicanas.<\/p>\n\n\n\n<p>A la espera\ndel programado traslado de Lozoya al Reclusorio Norte, afuera del hangar de la\nFiscal\u00eda y en inmediaciones del centro penitenciario, aguardaban decenas de representantes\nde los medios de comunicaci\u00f3n, que tomaron cientos de im\u00e1genes de un individuo\nque no era Lozoya.<\/p>\n","protected":false},"excerpt":{"rendered":"<p>Redacci\u00f3n\/Zona Roja Cdmx. Foto: Expansi\u00f3n Ciudad de M\u00e9xico, 18 de julio de 2020.- El ex&hellip;<\/p>\n","protected":false},"author":2,"featured_media":15182,"comment_status":"closed","ping_status":"open","sticky":false,"template":"","format":"standard","meta":{"_lmt_disableupdate":"","_lmt_disable":"","_jetpack_memberships_contains_paid_content":false,"footnotes":""},"categories":[109,47],"tags":[1842],"class_list":["post-15181","post","type-post","status-publish","format-standard","has-post-thumbnail","hentry","category-minuto-a-minuto","category-zona-gris","tag-emilio-lozoya-pemex"],"jetpack_featured_media_url":"https:\/\/zonaroja.com.mx\/wp-content\/uploads\/2020\/07\/Foto-Expansi\u00f3n-Lozoya.jpg","jetpack_sharing_enabled":true,"_links":{"self":[{"href":"https:\/\/zonaroja.com.mx\/index.php?rest_route=\/wp\/v2\/posts\/15181","targetHints":{"allow":["GET"]}}],"collection":[{"href":"https:\/\/zonaroja.com.mx\/index.php?rest_route=\/wp\/v2\/posts"}],"about":[{"href":"https:\/\/zonaroja.com.mx\/index.php?rest_route=\/wp\/v2\/types\/post"}],"author":[{"embeddable":true,"href":"https:\/\/zonaroja.com.mx\/index.php?rest_route=\/wp\/v2\/users\/2"}],"replies":[{"embeddable":true,"href":"https:\/\/zonaroja.com.mx\/index.php?rest_route=%2Fwp%2Fv2%2Fcomments&post=15181"}],"version-history":[{"count":1,"href":"https:\/\/zonaroja.com.mx\/index.php?rest_route=\/wp\/v2\/posts\/15181\/revisions"}],"predecessor-version":[{"id":15183,"href":"https:\/\/zonaroja.com.mx\/index.php?rest_route=\/wp\/v2\/posts\/15181\/revisions\/15183"}],"wp:featuredmedia":[{"embeddable":true,"href":"https:\/\/zonaroja.com.mx\/index.php?rest_route=\/wp\/v2\/media\/15182"}],"wp:attachment":[{"href":"https:\/\/zonaroja.com.mx\/index.php?rest_route=%2Fwp%2Fv2%2Fmedia&parent=15181"}],"wp:term":[{"taxonomy":"category","embeddable":true,"href":"https:\/\/zonaroja.com.mx\/index.php?rest_route=%2Fwp%2Fv2%2Fcategories&post=15181"},{"taxonomy":"post_tag","embeddable":true,"href":"https:\/\/zonaroja.com.mx\/index.php?rest_route=%2Fwp%2Fv2%2Ftags&post=15181"}],"curies":[{"name":"wp","href":"https:\/\/api.w.org\/{rel}","templated":true}]}}