{"id":15185,"date":"2020-07-18T10:30:44","date_gmt":"2020-07-18T15:30:44","guid":{"rendered":"http:\/\/www.zonaroja.com.mx\/?p=15185"},"modified":"2020-07-18T10:30:47","modified_gmt":"2020-07-18T15:30:47","slug":"analizan-titulares-de-los-sso-e-insabi-crisis-por-covid-19-en-oaxaca","status":"publish","type":"post","link":"https:\/\/zonaroja.com.mx\/?p=15185","title":{"rendered":"Analizan titulares de los SSO e Insabi crisis por Covid-19 en Oaxaca"},"content":{"rendered":"\n<p>Redacci\u00f3n\/Zona\nRoja.<\/p>\n\n\n\n<p>Oaxaca de\nJu\u00e1rez, Oax. 18 de julio de 2020.- Los gobiernos federal y estatal anunciaron\nel despliegue en los pr\u00f3ximos d\u00edas de brigadas m\u00e9dicas de respuesta inmediata,\npara fortalecer la atenci\u00f3n hospitalaria, ante la pandemia por Covid-19.<\/p>\n\n\n\n<p>Lo anterior\nse estableci\u00f3 durante una reuni\u00f3n del titular de los Servicios de Salud de\nOaxaca, Donato Casas Escamilla; el representante del Instituto Nacional de\nSalud para el Bienestar (Insabi), Alejandro Svarch P\u00e9rez, y la senadora Susana\nHarp, responsable federal de atenci\u00f3n a la pandemia en Oaxaca.<\/p>\n\n\n\n<p>El encuentro\ndenominado \u201cAn\u00e1lisis situacional con directores de hospitales Covid-19\u201d tuvo\ntambi\u00e9n la finalidad de dar continuidad a los esfuerzos de los gobiernos federal\ny estatal en materia de atenci\u00f3n al manejo integral de pacientes cr\u00edticos por\nla pandemia.<\/p>\n\n\n\n<p>De acuerdo\ncon un comunicado, Casas Escamilla precis\u00f3 que dentro de los objetivos de la\nmesa de trabajo, est\u00e1 solventar en el menor tiempo posible, las necesidades m\u00e1s\napremiantes de la red de nosocomios.<\/p>\n\n\n\n<p>Al dirigirse\na los titulares de los centros m\u00e9dicos que atienden a pacientes que presentan\ncomplicaciones por el virus, reiter\u00f3 el compromiso del gobernador Alejandro\nMurat Hinojosa, de mantener el abasto suficiente de medicamentos y reforzar los\nprocesos administrativos para la entrega de insumos necesarios para la\noperaci\u00f3n eficiente de los nosocomios.<\/p>\n\n\n\n<p>Durante la\nreuni\u00f3n, tambi\u00e9n se analizaron los requerimientos en el incremento de personal\nm\u00e9dico, ante lo cual el titular de la Coordinaci\u00f3n Nacional M\u00e9dica del Insabi, Alejandro\nSvarch P\u00e9rez, inform\u00f3 que en los pr\u00f3ximos d\u00edas llegar\u00e1n a la entidad, brigadas\nde respuesta inmediata de especialistas para reforzar la atenci\u00f3n.<\/p>\n\n\n\n<p>Detall\u00f3 que\nla nueva plantilla de profesionales de la salud, se desplegar\u00e1n a las zonas de\nmayor incidencia de contagios, y se aplicar\u00e1 la estrategia de \u201cTelementor\u00eda\u201d,\nuna acci\u00f3n educativa que busca generar un espacio virtual de interacci\u00f3n a\ndistancia en las \u00e1reas de terapia intensiva.<\/p>\n\n\n\n<p>Finalmente,\nlos funcionarios agradecieron la labor del personal sanitario, quienes a pesar\nde los d\u00edas dif\u00edciles y desaf\u00edos por la contingencia sanitaria, han desempe\u00f1ado\ncon gran esfuerzo, dedicaci\u00f3n y profesionalismo, el trabajo diario de salvar\nvidas.<\/p>\n\n\n\n<p>Estuvieron\npresentes en el encuentro, la directora de Formaci\u00f3n y Capacitaci\u00f3n de Personal\nde Salud del Insabi, Linda Bucay Harari; la directora general del Centro\nNacional para la Prevenci\u00f3n y Control del VIH\/Sida (Censida), Alethse de la\nTorre Rosas; la senadora Susana Harp Iturribarr\u00eda; as\u00ed como el subdirector\ngeneral de los SSO, Juan Carlos M\u00e1rquez Heine.<\/p>\n","protected":false},"excerpt":{"rendered":"<p>Redacci\u00f3n\/Zona Roja. Oaxaca de Ju\u00e1rez, Oax. 18 de julio de 2020.- Los gobiernos federal y&hellip;<\/p>\n","protected":false},"author":2,"featured_media":15186,"comment_status":"closed","ping_status":"open","sticky":false,"template":"","format":"standard","meta":{"_lmt_disableupdate":"","_lmt_disable":"","_jetpack_memberships_contains_paid_content":false,"footnotes":""},"categories":[109,47],"tags":[1512,1005],"class_list":["post-15185","post","type-post","status-publish","format-standard","has-post-thumbnail","hentry","category-minuto-a-minuto","category-zona-gris","tag-coronavirus-oaxaca","tag-servicios-de-salud-de-oaxaca-sso"],"jetpack_featured_media_url":"https:\/\/zonaroja.com.mx\/wp-content\/uploads\/2020\/07\/SSO-2-3.jpeg","jetpack_sharing_enabled":true,"_links":{"self":[{"href":"https:\/\/zonaroja.com.mx\/index.php?rest_route=\/wp\/v2\/posts\/15185","targetHints":{"allow":["GET"]}}],"collection":[{"href":"https:\/\/zonaroja.com.mx\/index.php?rest_route=\/wp\/v2\/posts"}],"about":[{"href":"https:\/\/zonaroja.com.mx\/index.php?rest_route=\/wp\/v2\/types\/post"}],"author":[{"embeddable":true,"href":"https:\/\/zonaroja.com.mx\/index.php?rest_route=\/wp\/v2\/users\/2"}],"replies":[{"embeddable":true,"href":"https:\/\/zonaroja.com.mx\/index.php?rest_route=%2Fwp%2Fv2%2Fcomments&post=15185"}],"version-history":[{"count":1,"href":"https:\/\/zonaroja.com.mx\/index.php?rest_route=\/wp\/v2\/posts\/15185\/revisions"}],"predecessor-version":[{"id":15187,"href":"https:\/\/zonaroja.com.mx\/index.php?rest_route=\/wp\/v2\/posts\/15185\/revisions\/15187"}],"wp:featuredmedia":[{"embeddable":true,"href":"https:\/\/zonaroja.com.mx\/index.php?rest_route=\/wp\/v2\/media\/15186"}],"wp:attachment":[{"href":"https:\/\/zonaroja.com.mx\/index.php?rest_route=%2Fwp%2Fv2%2Fmedia&parent=15185"}],"wp:term":[{"taxonomy":"category","embeddable":true,"href":"https:\/\/zonaroja.com.mx\/index.php?rest_route=%2Fwp%2Fv2%2Fcategories&post=15185"},{"taxonomy":"post_tag","embeddable":true,"href":"https:\/\/zonaroja.com.mx\/index.php?rest_route=%2Fwp%2Fv2%2Ftags&post=15185"}],"curies":[{"name":"wp","href":"https:\/\/api.w.org\/{rel}","templated":true}]}}