{"id":15188,"date":"2020-07-18T10:33:31","date_gmt":"2020-07-18T15:33:31","guid":{"rendered":"http:\/\/www.zonaroja.com.mx\/?p=15188"},"modified":"2020-07-18T10:33:34","modified_gmt":"2020-07-18T15:33:34","slug":"emplaza-congreso-a-gobierno-a-elaborar-plan-para-combatir-la-violencia-de-genero","status":"publish","type":"post","link":"https:\/\/zonaroja.com.mx\/?p=15188","title":{"rendered":"Emplaza Congreso a gobierno a elaborar plan para combatir la violencia de g\u00e9nero"},"content":{"rendered":"\n<p>Redacci\u00f3n\/Zona\nRoja.<\/p>\n\n\n\n<p>Oaxaca de\nJu\u00e1rez, Oax., 18 de julio de 2020.- Ante un escenario en el que 339 mujeres han\nsido asesinadas en Oaxaca, desde diciembre de 2016 a la fecha, la 64 Legislatura\nlocal emplaz\u00f3 al Gobierno del Estado, a desarrollar un plan que combata a la\nviolencia de g\u00e9nero contra las mujeres, principalmente en los pueblos ind\u00edgenas\ny afromexicano.<\/p>\n\n\n\n<p>La acci\u00f3n\ndeber\u00e1 ser ejecutada por las secretar\u00edas de Pueblos Ind\u00edgenas y Afromexicano,\nde las Mujeres Oaxaque\u00f1as y General de Gobierno, las cuales, tendr\u00e1n 20 d\u00edas\nh\u00e1biles para rendir un informe pormenorizado ante la Comisi\u00f3n de Igualdad de\nG\u00e9nero del Congreso de Oaxaca.<\/p>\n\n\n\n<p>El plan\ndeber\u00e1 consistir en la implementaci\u00f3n de campa\u00f1as permanentes de difusi\u00f3n en\nlas ocho regiones de la entidad, respecto al derecho de las mujeres ind\u00edgenas y\naformexicana a vivir una vida libre de violencia.<\/p>\n\n\n\n<p>El exhorto\npromovido por el legislador Sa\u00fal Cruz Jim\u00e9nez, instruye que las dependencias\ngubernamentales garantizar\u00e1n que las campa\u00f1as sean culturalmente adecuadas y en\nlas lenguas originarias de cada pueblo, con la finalidad de concientizar a la\npoblaci\u00f3n y prevenir la violaci\u00f3n de derechos, y actos de violencia de g\u00e9nero\ncontra las mujeres.<\/p>\n\n\n\n<p>Precisa que\nla entidad registr\u00f3 un saldo de 28 mujeres asesinadas en los dos primeros meses\ndel a\u00f1o. La cifra coloc\u00f3 a Oaxaca en el noveno sitio, de las 32 entidades del\npa\u00eds, con mayor n\u00famero de feminicidios.<\/p>\n\n\n\n<p>Seg\u00fan el\ninforme de enero-febrero del Secretariado Ejecutivo del Sistema Estatal de\nSeguridad P\u00fablica (SESESP), en el primer cuatrimestre, Oaxaca registr\u00f3 un\naumento del 33% en feminicidios.<\/p>\n","protected":false},"excerpt":{"rendered":"<p>Redacci\u00f3n\/Zona Roja. Oaxaca de Ju\u00e1rez, Oax., 18 de julio de 2020.- Ante un escenario en&hellip;<\/p>\n","protected":false},"author":2,"featured_media":15189,"comment_status":"closed","ping_status":"open","sticky":false,"template":"","format":"standard","meta":{"_lmt_disableupdate":"","_lmt_disable":"","_jetpack_memberships_contains_paid_content":false,"footnotes":""},"categories":[109,47],"tags":[213],"class_list":["post-15188","post","type-post","status-publish","format-standard","has-post-thumbnail","hentry","category-minuto-a-minuto","category-zona-gris","tag-64-legislatura-de-oaxaca"],"jetpack_featured_media_url":"https:\/\/zonaroja.com.mx\/wp-content\/uploads\/2020\/07\/FOTO-2.2-Congresistas-emplazan-a-Gobierno-de-Oaxaca-a-elaborar-plan-para-combatir-la-violencia-de-g\u00e9nero..jpeg","jetpack_sharing_enabled":true,"_links":{"self":[{"href":"https:\/\/zonaroja.com.mx\/index.php?rest_route=\/wp\/v2\/posts\/15188","targetHints":{"allow":["GET"]}}],"collection":[{"href":"https:\/\/zonaroja.com.mx\/index.php?rest_route=\/wp\/v2\/posts"}],"about":[{"href":"https:\/\/zonaroja.com.mx\/index.php?rest_route=\/wp\/v2\/types\/post"}],"author":[{"embeddable":true,"href":"https:\/\/zonaroja.com.mx\/index.php?rest_route=\/wp\/v2\/users\/2"}],"replies":[{"embeddable":true,"href":"https:\/\/zonaroja.com.mx\/index.php?rest_route=%2Fwp%2Fv2%2Fcomments&post=15188"}],"version-history":[{"count":1,"href":"https:\/\/zonaroja.com.mx\/index.php?rest_route=\/wp\/v2\/posts\/15188\/revisions"}],"predecessor-version":[{"id":15190,"href":"https:\/\/zonaroja.com.mx\/index.php?rest_route=\/wp\/v2\/posts\/15188\/revisions\/15190"}],"wp:featuredmedia":[{"embeddable":true,"href":"https:\/\/zonaroja.com.mx\/index.php?rest_route=\/wp\/v2\/media\/15189"}],"wp:attachment":[{"href":"https:\/\/zonaroja.com.mx\/index.php?rest_route=%2Fwp%2Fv2%2Fmedia&parent=15188"}],"wp:term":[{"taxonomy":"category","embeddable":true,"href":"https:\/\/zonaroja.com.mx\/index.php?rest_route=%2Fwp%2Fv2%2Fcategories&post=15188"},{"taxonomy":"post_tag","embeddable":true,"href":"https:\/\/zonaroja.com.mx\/index.php?rest_route=%2Fwp%2Fv2%2Ftags&post=15188"}],"curies":[{"name":"wp","href":"https:\/\/api.w.org\/{rel}","templated":true}]}}