{"id":15191,"date":"2020-07-18T13:07:52","date_gmt":"2020-07-18T18:07:52","guid":{"rendered":"http:\/\/www.zonaroja.com.mx\/?p=15191"},"modified":"2020-07-18T13:07:57","modified_gmt":"2020-07-18T18:07:57","slug":"covid-fuera-de-control-temas-enseptimo-numero-de-cuadernos-de-la-pandemia","status":"publish","type":"post","link":"https:\/\/zonaroja.com.mx\/?p=15191","title":{"rendered":"\u201cCovid fuera de control\u201d, temas ens\u00e9ptimo n\u00famero de \u201cCuadernos de la Pandemia\u201d"},"content":{"rendered":"\n<p>Evlin Arag\u00f3n\/Zona\nRoja.<\/p>\n\n\n\n<p>Oaxaca de\nJu\u00e1rez, Oax., 18 de julio de 2020.- Pese al aumento de contagios y defunciones\nderivados del Covid-19, Oaxaca transit\u00f3 intempestivamente del confinamiento a\nla salida masiva y descontrolada de la poblaci\u00f3n, a partir del lunes 6 de\njulio, tras declararse el cambio de color -de rojo a naranja- en el sem\u00e1foro\nepidemiol\u00f3gico que maneja la Secretar\u00eda de Salud a nivel federal.<\/p>\n\n\n\n<p>Con ello, la\npoblaci\u00f3n se ha enfrentado a todo tipo de retos que las autoridades municipales\ny estatales han tardado en asumir; muestra de ello es que este fin de semana se\ndeclar\u00f3 que la entidad regresar\u00e1 al sem\u00e1foro rojo, que en teor\u00eda incluye de\nnueva cuenta el confinamiento de la poblaci\u00f3n y solo el funcionamiento de las\nactividades esenciales.<\/p>\n\n\n\n<p>As\u00ed lo\nrefiere la revista digital \u201cCuadernos de la Pandemia\u201d, coordinada por Isidoro\nYescas y Claudio S\u00e1nchez, que en su s\u00e9ptima edici\u00f3n plantea que la curva de la\npandemia sigue hacia arriba, con toda su secuela de contagios y muertes, sin\nque se advierte una luz al final del t\u00fanel, lo que podr\u00eda dar paso a un colapso\nsanitario, econ\u00f3mico y social de consecuencias imprevisibles.<\/p>\n\n\n\n<p>La cr\u00edtica a\nlas autoridades se hace presente en el m\u00e1s reciente n\u00famero de la publicaci\u00f3n,\npues plantea que, aunque las cifras de contagio siguen al alza, la vertiente\nsanitaria ha dejado de ser prioridad para el gobierno que encabeza Alejandro\nMurat, quien en las semanas reciente recorri\u00f3 el estado para dar apoyos a\nlocalidades afectadas por el sismo de 7.4 registrado el 23 de junio.<\/p>\n\n\n\n<p>\u201cLa\nvertiente sanitaria de la pandemia del Covid-19 pareciera ya no ser prioridad\ngubernamental y ahora la atenci\u00f3n se ha volcado a un proceso gradual y\ndesordenando de reapertura de las actividades no esenciales y a sacarle\nprovecho electoral al reciente sismo\u201d, refiere la presentaci\u00f3n de la revista.<\/p>\n\n\n\n<p>As\u00ed mismo,\nadvierte y comenta ampliamente en este n\u00famero que los riesgos en la entidad no\nsolamente se vinculan con la pandemia del Covid-19, sino con la ausencia de\nplaneaci\u00f3n e inversi\u00f3n para prevenir otras pandemias no menos letales como los\nsismos y otros desastres naturales, as\u00ed como a los impactos negativos que el\nvirus est\u00e1 provocando en los \u00e1mbitos educativo, familiar, comunitario,\nhospitalario y electoral.<\/p>\n\n\n\n<p>Como en\notras ediciones, le apuesta a la actuaci\u00f3n responsable de la ciudadana, sin\nembargo, ha quedado demostrado que, a\u00fan hoy en d\u00eda, existe resistencia de\nalgunos sectores sociales a acatar las medidas de higiene y prevenci\u00f3n,\nsituaci\u00f3n que ahonda la problem\u00e1tica que vive hoy en d\u00eda la entidad.<\/p>\n\n\n\n<p>Destacan los\ntextos que evidencian la crisis al interior de los Servicios de Salud, aunque\nno se quiera reconocer,&nbsp; y la situaci\u00f3n\nque atraviesa el Istmo de Tehuantepec, particularmente el municipio de Juchit\u00e1n\nde Zaragoza, con todo un hospital en cuarentena debido al contagio masivo del\npersonal m\u00e9dico, realizados por separado, por los periodistas Ismael Garc\u00eda y\nDiana Manzo.<\/p>\n\n\n\n<p>En esta\ns\u00e9ptima edici\u00f3n la revista digital se divide en los apartados: Zona de\ndesastres, Educaci\u00f3n en sem\u00e1foro rojo, Elecciones en modo Covid, Para todo\nmal&#8230;mezcal, Cr\u00f3nicas rojizas y naranjas, as\u00ed como un ensayo fotogr\u00e1fico que\nretrata la \u201cnueva normalidad\u201d.<\/p>\n\n\n\n<p>Igualmente, cuenta\ncon la participaci\u00f3n de Carlos Sorroza Polo, Samael Hern\u00e1ndez Ruiz, Ismael\nGarc\u00eda, Diana Manzo, Alfredo Mart\u00ednez de Aguilar, Jorge Bueno S\u00e1nchez, Joel\nVicente Cortes, Rogelio Vargas Garfias.<\/p>\n\n\n\n<p>Orlando R\u00edos\nMendez, Gloria Zafra, Luvina M\u00e9ndez Vargas, Cipriano Miraflores, David L\u00f3pez\nVelasco, Rodolfo Navarro, Jorge Luyando Hern\u00e1ndez, Bruno Torres Carbajal, Jorge\nHern\u00e1ndez D\u00edaz y Gerardo Garfias Ruiz. <\/p>\n\n\n\n<p>Se puede\nconsultar el ejemplar completo en la siguiente liga:<\/p>\n\n\n\n<figure class=\"wp-block-embed\"><div class=\"wp-block-embed__wrapper\">\nhttps:\/\/www.cuadernosdelapandemia.com\/\n<\/div><\/figure>\n","protected":false},"excerpt":{"rendered":"<p>Evlin Arag\u00f3n\/Zona Roja. Oaxaca de Ju\u00e1rez, Oax., 18 de julio de 2020.- Pese al aumento&hellip;<\/p>\n","protected":false},"author":2,"featured_media":15192,"comment_status":"closed","ping_status":"open","sticky":false,"template":"","format":"standard","meta":{"_lmt_disableupdate":"","_lmt_disable":"","_jetpack_memberships_contains_paid_content":false,"footnotes":""},"categories":[109,46],"tags":[1655],"class_list":["post-15191","post","type-post","status-publish","format-standard","has-post-thumbnail","hentry","category-minuto-a-minuto","category-zona-blanca","tag-cuadernos-de-la-pandemia"],"jetpack_featured_media_url":"https:\/\/zonaroja.com.mx\/wp-content\/uploads\/2020\/07\/Cuadernos-de-la-Pandemia-7.jpg","jetpack_sharing_enabled":true,"_links":{"self":[{"href":"https:\/\/zonaroja.com.mx\/index.php?rest_route=\/wp\/v2\/posts\/15191","targetHints":{"allow":["GET"]}}],"collection":[{"href":"https:\/\/zonaroja.com.mx\/index.php?rest_route=\/wp\/v2\/posts"}],"about":[{"href":"https:\/\/zonaroja.com.mx\/index.php?rest_route=\/wp\/v2\/types\/post"}],"author":[{"embeddable":true,"href":"https:\/\/zonaroja.com.mx\/index.php?rest_route=\/wp\/v2\/users\/2"}],"replies":[{"embeddable":true,"href":"https:\/\/zonaroja.com.mx\/index.php?rest_route=%2Fwp%2Fv2%2Fcomments&post=15191"}],"version-history":[{"count":1,"href":"https:\/\/zonaroja.com.mx\/index.php?rest_route=\/wp\/v2\/posts\/15191\/revisions"}],"predecessor-version":[{"id":15193,"href":"https:\/\/zonaroja.com.mx\/index.php?rest_route=\/wp\/v2\/posts\/15191\/revisions\/15193"}],"wp:featuredmedia":[{"embeddable":true,"href":"https:\/\/zonaroja.com.mx\/index.php?rest_route=\/wp\/v2\/media\/15192"}],"wp:attachment":[{"href":"https:\/\/zonaroja.com.mx\/index.php?rest_route=%2Fwp%2Fv2%2Fmedia&parent=15191"}],"wp:term":[{"taxonomy":"category","embeddable":true,"href":"https:\/\/zonaroja.com.mx\/index.php?rest_route=%2Fwp%2Fv2%2Fcategories&post=15191"},{"taxonomy":"post_tag","embeddable":true,"href":"https:\/\/zonaroja.com.mx\/index.php?rest_route=%2Fwp%2Fv2%2Ftags&post=15191"}],"curies":[{"name":"wp","href":"https:\/\/api.w.org\/{rel}","templated":true}]}}