{"id":15194,"date":"2020-07-18T14:32:27","date_gmt":"2020-07-18T19:32:27","guid":{"rendered":"http:\/\/www.zonaroja.com.mx\/?p=15194"},"modified":"2020-07-18T14:32:31","modified_gmt":"2020-07-18T19:32:31","slug":"en-visperas-de-volver-a-semaforo-rojo-temor-a-covid-y-desafios-masivos","status":"publish","type":"post","link":"https:\/\/zonaroja.com.mx\/?p=15194","title":{"rendered":"En v\u00edsperas de volver a sem\u00e1foro rojo, temor a Covid\u2026 y desaf\u00edos masivos"},"content":{"rendered":"\n<p>Yuridiana Sosa\/Zona Roja.<\/p>\n\n\n\n<p>Oaxaca de Ju\u00e1rez, Oax., 18 de julio de\n2020.- En v\u00edsperas de regresar al sem\u00e1foro epidemiol\u00f3gico rojo y con ello el\nconfinamiento total, comunidades oaxaque\u00f1as se a\u00edsla; promueven toque de queda\ny cierre de comercios e imponen el uso del cubreboca.<\/p>\n\n\n\n<p>Pero tambi\u00e9n hay otros que act\u00faan con\nirresponsabilidad, pese al alto n\u00famero de contagios por el nuevo coronavirus, como\nlo fue el ex diputado federal Francisco Mart\u00ednez Neri, que junt\u00f3 hoy a decenas\nde personas en un auditorio ubicado en Santa Mar\u00eda Atzompa.<\/p>\n\n\n\n<p>En un auditorio y con escasas medidas de\nprevenci\u00f3n, quien aspira a un cargo de representaci\u00f3n popular por Morena,\nFrancisco Mart\u00ednez Neri, encabez\u00f3 este s\u00e1bado la asamblea del Movimiento por la\nTransformaci\u00f3n de Oaxaca, del cual se autonombr\u00f3 dirigente.<\/p>\n\n\n\n<p>La reuni\u00f3n tuvo el respaldo del\nayuntamiento de Santa Mar\u00eda Atzompa y de San Jacinto Amilpas, as\u00ed como del\nlegislador federal Daniel Guti\u00e9rrez; ese municipio conurbado a la capital, en\nla regi\u00f3n Valles Centrales, presenta 224 casos positivos de Covid, nueve de\nellos tan s\u00f3lo ayer.<\/p>\n\n\n\n<p>M\u00c1S FIESTAS<\/p>\n\n\n\n<p>En esa misma regi\u00f3n, integrantes del\nComit\u00e9 de la Salud A.C. del municipio de San Francisco Telixtlahuaca\ndenunciaron al comisariado de Bienes Comunales, Jaime L\u00f3pez G\u00f3mez, de convocar\na los ciudadanos de esa localidad a realizar un tequio este 18 de julio en\npredios donde se planea construir la Universidad Bienestar \u201cBenito Ju\u00e1rez\u201d.<\/p>\n\n\n\n<p>En tanto, ante la imprudencia de algunas\nautoridades, habitantes de Miahutl\u00e1n de Porfirio D\u00edaz, acusaron que el\npresidente del municipio vecino de Monjas, Luis Miguel Cruz Zurita, permiti\u00f3 la\ninstalaci\u00f3n del baratillo para cada lunes, lo cual impactar\u00e1 a la propagaci\u00f3n\nde contagios de coronavirus en la zona.<\/p>\n\n\n\n<p>La comunidad de Miahuatl\u00e1n indic\u00f3 que,\nante el cierre del baratillo en este municipio por la contingencia, como en\nEjutla de Crespo y San Antonino Castillo Velasco, el edil de Monjas aprovecha\npara albergarlos en su comunidad a pesar del aumento de casos. En este sitio se\nreunieron al menos mil 500 personas el lunes pasado, detallaron.<\/p>\n\n\n\n<p>Las condiciones de inseguridad sanitaria\ntambi\u00e9n la viven vecinos de San Vicente Coatl\u00e1n y pueblos vecinos en la Sierra\nSur, pues hasta el momento se reporta un brote masivo que ha dejado al menos 25\ndefunciones.<\/p>\n\n\n\n<p>La poblaci\u00f3n demand\u00f3 la intervenci\u00f3n de\nlas autoridades sanitarias, pues estos casos no est\u00e1n contabilizados, mientras\nque la autoridad municipal se mantiene al margen de informar sobre la crisis\nsanitaria que encendi\u00f3 alarma en la comunidad.<\/p>\n\n\n\n<p>En esa comunidad, la poblaci\u00f3n se\u00f1ala\nque de forma extraoficial se conoce que el presidente municipal, Domingo\nAntonio Antonio, fue diagnosticado con Covid-19 y permanece en aislamiento al\nigual que otros integrantes del cabildo municipal, por lo que no existe\ngobernabilidad y atenci\u00f3n de la pandemia.<\/p>\n\n\n\n<p>Mientras que habitante de San Jos\u00e9 El\nChilar, agencia de San Juan Bautista Cuicatl\u00e1n, denunciaron a las autoridades\nestatales sobre la celebraci\u00f3n de una boda para este fin de semana.<\/p>\n\n\n\n<p>La fiesta, se\u00f1alaron, es de un elemento\ndel Ej\u00e9rcito Mexicano, por lo que pidieron la intervenci\u00f3n de las autoridades\nnacionales, de la Guardia Nacional, Secretar\u00eda de Gobernaci\u00f3n y de la\nSecretar\u00eda de Salud, pues adem\u00e1s registran la visita de personas de otros\nestados para la boda.<\/p>\n\n\n\n<p>INCREMENTAN MEDIDAS<\/p>\n\n\n\n<p>Por otra parte, la Jurisdicci\u00f3n\nSanitaria n\u00famero 5, de la Mixteca, emiti\u00f3 un llamado al ayuntamiento de\nTlaxiaco para suspender todo tipo de actividades que conlleven la aglomeraci\u00f3n\nde personas y continuar con las acciones de prevenci\u00f3n frente a la contingencia\nsanitaria.<\/p>\n\n\n\n<p>En caso de ser omiso al exhorto, los Servicios\nde Salud de Oaxaca, a trav\u00e9s de la jurisdicci\u00f3n advirti\u00f3 de procedimientos en\nlos que se le fincar\u00e1 responsabilidad por desacato y poner en riesgo la\nseguridad sanitaria.<\/p>\n\n\n\n<p>Baratillos, actividades religiosas,\nferias, d\u00edas de plazas, tianguis, eventos culturales, deportivos, entre otros,\nquedaron prohibidos.<\/p>\n\n\n\n<p>En otras localidades se aplicar\u00e1 toque\nde queda, como es en la agencia de R\u00edo Grande de Villa de Tututepec, donde\nadem\u00e1s del uso obligado de cubreboca, se prohibi\u00f3 circular en la v\u00eda p\u00fablica a partir\nde las 21:00 horas mientras no existe motivo de fuerza mayor. Quienes no\nrespeten esta medida ser\u00e1 acreedor a una multa de 500 pesos.<\/p>\n\n\n\n<p>El ayuntamiento de Villa de Tututepec\naprob\u00f3 que las personas que circulen en la v\u00eda p\u00fablica en un horario de entre\nlas 22:00 y 5:00 horas ser\u00e1n arrestadas. Prohibi\u00f3 fiestas de todo tipo y\nactividades sociales.<\/p>\n\n\n\n<p>Adem\u00e1s, redujo horarios para los\nestablecimientos de venta de vidas alcoh\u00f3licas; disminuci\u00f3n en el n\u00famero de\npasajeros en el transporte p\u00fablico y aprob\u00f3 el uso obligatorio de cubrebocas.<\/p>\n\n\n\n<p>En Juchit\u00e1n de Zaragoga en el Istmo, uno\nde los municipios con brotes de casos y defunciones de forma estrepitosa, el\nedil Emilio Montero propuso medidas para el sector comercial, lo que en las\n\u00faltimas horas gener\u00f3 compras de p\u00e1nico.<\/p>\n\n\n\n<p>El presidente plantea el cierre total\ndel comercio del lunes 20 al viernes 24 de julio, pero se mantendr\u00e1 la apertura\nde los centros comerciales y de veh\u00edculos de abasto el mi\u00e9rcoles 22 \u00fanicamente\npara el consumo minoristas.<\/p>\n","protected":false},"excerpt":{"rendered":"<p>Yuridiana Sosa\/Zona Roja. Oaxaca de Ju\u00e1rez, Oax., 18 de julio de 2020.- En v\u00edsperas de&hellip;<\/p>\n","protected":false},"author":2,"featured_media":15195,"comment_status":"closed","ping_status":"open","sticky":false,"template":"","format":"standard","meta":{"_lmt_disableupdate":"","_lmt_disable":"","_jetpack_memberships_contains_paid_content":false,"footnotes":""},"categories":[109,47],"tags":[1512],"class_list":["post-15194","post","type-post","status-publish","format-standard","has-post-thumbnail","hentry","category-minuto-a-minuto","category-zona-gris","tag-coronavirus-oaxaca"],"jetpack_featured_media_url":"https:\/\/zonaroja.com.mx\/wp-content\/uploads\/2020\/07\/Medidas-coronavirus-2.jpg","jetpack_sharing_enabled":true,"_links":{"self":[{"href":"https:\/\/zonaroja.com.mx\/index.php?rest_route=\/wp\/v2\/posts\/15194","targetHints":{"allow":["GET"]}}],"collection":[{"href":"https:\/\/zonaroja.com.mx\/index.php?rest_route=\/wp\/v2\/posts"}],"about":[{"href":"https:\/\/zonaroja.com.mx\/index.php?rest_route=\/wp\/v2\/types\/post"}],"author":[{"embeddable":true,"href":"https:\/\/zonaroja.com.mx\/index.php?rest_route=\/wp\/v2\/users\/2"}],"replies":[{"embeddable":true,"href":"https:\/\/zonaroja.com.mx\/index.php?rest_route=%2Fwp%2Fv2%2Fcomments&post=15194"}],"version-history":[{"count":1,"href":"https:\/\/zonaroja.com.mx\/index.php?rest_route=\/wp\/v2\/posts\/15194\/revisions"}],"predecessor-version":[{"id":15196,"href":"https:\/\/zonaroja.com.mx\/index.php?rest_route=\/wp\/v2\/posts\/15194\/revisions\/15196"}],"wp:featuredmedia":[{"embeddable":true,"href":"https:\/\/zonaroja.com.mx\/index.php?rest_route=\/wp\/v2\/media\/15195"}],"wp:attachment":[{"href":"https:\/\/zonaroja.com.mx\/index.php?rest_route=%2Fwp%2Fv2%2Fmedia&parent=15194"}],"wp:term":[{"taxonomy":"category","embeddable":true,"href":"https:\/\/zonaroja.com.mx\/index.php?rest_route=%2Fwp%2Fv2%2Fcategories&post=15194"},{"taxonomy":"post_tag","embeddable":true,"href":"https:\/\/zonaroja.com.mx\/index.php?rest_route=%2Fwp%2Fv2%2Ftags&post=15194"}],"curies":[{"name":"wp","href":"https:\/\/api.w.org\/{rel}","templated":true}]}}