{"id":15203,"date":"2020-07-18T16:04:24","date_gmt":"2020-07-18T21:04:24","guid":{"rendered":"http:\/\/www.zonaroja.com.mx\/?p=15203"},"modified":"2020-07-18T16:04:26","modified_gmt":"2020-07-18T21:04:26","slug":"trabajadores-de-salud-que-luchan-contra-covid-recibiran-quincena-con-retraso","status":"publish","type":"post","link":"https:\/\/zonaroja.com.mx\/?p=15203","title":{"rendered":"Trabajadores de salud que luchan contra Covid recibir\u00e1n quincena con retraso"},"content":{"rendered":"\n<p>Yuridiana Sosa\/Zona Roja.<\/p>\n\n\n\n<p>Oaxaca de Ju\u00e1rez, Oax., 18 de julio de\n2020,- Personal eventual del sector salud en la entidad, que trabajan en la\nprimera l\u00ednea de batalla contra el Covid-19, recibir\u00e1n con retraso el pago de\nla primera quincena de julio, luego de una jornada de lucha.<\/p>\n\n\n\n<p>El Gobierno del Estado argument\u00f3 falta\nde recursos y se comprometi\u00f3 a realizar el pago de todo el personal de eventual\nde Oaxaca el pr\u00f3ximo 20 de julio, lo cual a pesar de ser un derecho laboral, se\nlogr\u00f3 tras una mesa de negociaci\u00f3n que establecieron autoridades estatales con\nla Secci\u00f3n 35 del Sindicato Nacional de Trabajadores de la Secretar\u00eda de Salud\n(SNTE).<\/p>\n\n\n\n<p>Desde el lunes pasado, la gremial inici\u00f3\nuna jornada de lucha por la desatenci\u00f3n de diversas peticiones labores,\nsindicales y de salud entregadas en un pliego de demandas entregado desde el\npasado 6 de julio.<\/p>\n\n\n\n<p>En la negociaci\u00f3n, el gobierno tambi\u00e9n\nse comprometi\u00f3 a trav\u00e9s del director de Administraci\u00f3n, David Concha Su\u00e1rez, a\nque los trabajadores de los SSO, derechohabientes del ISSSTE, tendr\u00e1n acceso a\nla plataforma digital de la instituci\u00f3n de salud para realizar distintos\ntr\u00e1mites.<\/p>\n\n\n\n<p>La Secci\u00f3n 35 no inform\u00f3 si durante la\nnegociaci\u00f3n se logr\u00f3 la petici\u00f3n de insumos de higiene y equipo de protecci\u00f3n\npersonal que es una de las principales necesidades, as\u00ed como la atenci\u00f3n a su\npago de bono por contingencia Covid-19.<\/p>\n\n\n\n<p>CULMINA PARO<\/p>\n\n\n\n<p>En tanto, trabajadores del sector salud\nque manten\u00edan una protesta en el Hospital Regional de Tuxtepec, concluyeron el\n\u201cparo\u201d de labores que declararon desde el pasado 3 de julio.<\/p>\n\n\n\n<p>La manifestaci\u00f3n reuni\u00f3 a integrantes de\nlas secciones 94, 35 y 71 del SNTSA.<\/p>\n\n\n\n<p>Sin embargo, el secretario general de la\nSubseccion 03 de la secci\u00f3n 35 del SNTSA, Isaias Ramos, se\u00f1al\u00f3 que oficialmente\nno existi\u00f3 la declaraci\u00f3n del paro de labores.<\/p>\n\n\n\n<p>Indic\u00f3 que, aunque la protesta se llev\u00f3\na cabo, el sindicato no recibi\u00f3 ning\u00fan documento por parte de la delegaci\u00f3n del\nhospital o de trabajadores del hospital adheridas a la secci\u00f3n en la que se\noficializar\u00e1 la manifestaci\u00f3n o su intenci\u00f3n de efectuar una protesta.<\/p>\n","protected":false},"excerpt":{"rendered":"<p>Yuridiana Sosa\/Zona Roja. Oaxaca de Ju\u00e1rez, Oax., 18 de julio de 2020,- Personal eventual del&hellip;<\/p>\n","protected":false},"author":2,"featured_media":15204,"comment_status":"closed","ping_status":"open","sticky":false,"template":"","format":"standard","meta":{"_lmt_disableupdate":"","_lmt_disable":"","_jetpack_memberships_contains_paid_content":false,"footnotes":""},"categories":[109,47],"tags":[1005],"class_list":["post-15203","post","type-post","status-publish","format-standard","has-post-thumbnail","hentry","category-minuto-a-minuto","category-zona-gris","tag-servicios-de-salud-de-oaxaca-sso"],"jetpack_featured_media_url":"https:\/\/zonaroja.com.mx\/wp-content\/uploads\/2020\/07\/hospital-Tuxtepec.png","jetpack_sharing_enabled":true,"_links":{"self":[{"href":"https:\/\/zonaroja.com.mx\/index.php?rest_route=\/wp\/v2\/posts\/15203","targetHints":{"allow":["GET"]}}],"collection":[{"href":"https:\/\/zonaroja.com.mx\/index.php?rest_route=\/wp\/v2\/posts"}],"about":[{"href":"https:\/\/zonaroja.com.mx\/index.php?rest_route=\/wp\/v2\/types\/post"}],"author":[{"embeddable":true,"href":"https:\/\/zonaroja.com.mx\/index.php?rest_route=\/wp\/v2\/users\/2"}],"replies":[{"embeddable":true,"href":"https:\/\/zonaroja.com.mx\/index.php?rest_route=%2Fwp%2Fv2%2Fcomments&post=15203"}],"version-history":[{"count":1,"href":"https:\/\/zonaroja.com.mx\/index.php?rest_route=\/wp\/v2\/posts\/15203\/revisions"}],"predecessor-version":[{"id":15205,"href":"https:\/\/zonaroja.com.mx\/index.php?rest_route=\/wp\/v2\/posts\/15203\/revisions\/15205"}],"wp:featuredmedia":[{"embeddable":true,"href":"https:\/\/zonaroja.com.mx\/index.php?rest_route=\/wp\/v2\/media\/15204"}],"wp:attachment":[{"href":"https:\/\/zonaroja.com.mx\/index.php?rest_route=%2Fwp%2Fv2%2Fmedia&parent=15203"}],"wp:term":[{"taxonomy":"category","embeddable":true,"href":"https:\/\/zonaroja.com.mx\/index.php?rest_route=%2Fwp%2Fv2%2Fcategories&post=15203"},{"taxonomy":"post_tag","embeddable":true,"href":"https:\/\/zonaroja.com.mx\/index.php?rest_route=%2Fwp%2Fv2%2Ftags&post=15203"}],"curies":[{"name":"wp","href":"https:\/\/api.w.org\/{rel}","templated":true}]}}