{"id":15210,"date":"2020-07-19T08:00:36","date_gmt":"2020-07-19T13:00:36","guid":{"rendered":"http:\/\/www.zonaroja.com.mx\/?p=15210"},"modified":"2020-07-18T20:59:59","modified_gmt":"2020-07-19T01:59:59","slug":"promueven-cultura-de-la-paz-en-el-poder-judicial-de-oaxaca","status":"publish","type":"post","link":"https:\/\/zonaroja.com.mx\/?p=15210","title":{"rendered":"Promueven cultura de la paz en el Poder Judicial de Oaxaca"},"content":{"rendered":"\n<p>Redacci\u00f3n\/Zona Roja.<\/p>\n\n\n\n<p>Oaxaca de Ju\u00e1rez, Oax., 19 de julio de\n2020.- Juntos. sumando esfuerzos, recursos, voluntades y las capacidades\nt\u00e9cnicas correspondientes podemos trabajar con mejores resultados para lograr\nnobles prop\u00f3sitos, como es promover la cultura de la paz entre la comunidad\neducativa, afirm\u00f3 el titular del Poder Judicial del Estado, magistrado Eduardo\nPinacho S\u00e1nchez.<\/p>\n\n\n\n<p>El Presidente del Tribunal Superior de\nJusticia y del Consejo de la Judicatura, suscribi\u00f3 con el director del Colegio\nde Estudios Cient\u00edficos y Tecnol\u00f3gicos del Estado de Oaxaca (Cecyteo), Gustavo\nMar\u00edn Antonio, un convenio de colaboraci\u00f3n con el objetivo de brindar a la\npoblaci\u00f3n educativa de esa instituci\u00f3n, por conducto del Centro de Justicia\nAlternativa, un acercamiento al conocimiento de las percepciones de la paz.<\/p>\n\n\n\n<p>As\u00ed tambi\u00e9n, el abordaje de la mediaci\u00f3n\nescolar y la justicia restaurativa como mecanismos de resoluci\u00f3n de conflictos\nque los potencialice a fomentar su uso y colaboraci\u00f3n para contribuir a crear\nespacios educativos y sociales mayormente arm\u00f3nicos.<\/p>\n\n\n\n<p>En su mensaje, en presencia de las\ndirectoras del Centro de Justicia Alternativa del Consejo de la Judicatura,\nLicenciada Betzzaida Cruz Mendoza, y de Vinculaci\u00f3n con el Sector Productivo\ndel Cecyteo, Mar\u00eda Guadalupe Cruz N\u00fa\u00f1ez, destac\u00f3 que este convenio significa el\nreconocimiento y la conciencia de que la justicia no depende \u00fanicamente del\nPoder Judicial.<\/p>\n\n\n\n<p>\u201cLa soluci\u00f3n de los conflictos que se\npresentan al interior de la sociedad, no corresponde solamente a los titulares,\njuezas o jueces que en un momento dado tengan que dictar una sentencia. Esta\nresponsabilidad nos corresponde a todas las personas sin excepci\u00f3n, a todos los\nsectores de la sociedad y las instituciones porque se trata de una\nresponsabilidad general que debemos intervenir y asumir\u201d enfatiz\u00f3.<\/p>\n\n\n\n<p>Reunidos en las instalaciones del\nConsejo de la Judicatura, bajo las medidas sanitarias decretadas por las\nautoridades federal y estatal, el magistrado Pinacho S\u00e1nchez resalt\u00f3 que la\ncultura de paz debe fomentarse desde la familia y los \u00e1mbitos en los cuales se\ndan los primeros contactos o relaciones de car\u00e1cter social, como son las\nescuelas para que ni\u00f1os y j\u00f3venes adquieran la habilidad y capacidad de\nresolver nuestros propios conflictos.<\/p>\n","protected":false},"excerpt":{"rendered":"<p>Redacci\u00f3n\/Zona Roja. Oaxaca de Ju\u00e1rez, Oax., 19 de julio de 2020.- Juntos. sumando esfuerzos, recursos,&hellip;<\/p>\n","protected":false},"author":2,"featured_media":15211,"comment_status":"closed","ping_status":"open","sticky":false,"template":"","format":"standard","meta":{"_lmt_disableupdate":"","_lmt_disable":"","_jetpack_memberships_contains_paid_content":false,"footnotes":""},"categories":[109,46],"tags":[223],"class_list":["post-15210","post","type-post","status-publish","format-standard","has-post-thumbnail","hentry","category-minuto-a-minuto","category-zona-blanca","tag-poder-judicial-de-oaxaca"],"jetpack_featured_media_url":"https:\/\/zonaroja.com.mx\/wp-content\/uploads\/2020\/07\/02-FIRMA-CONVENIO.jpg","jetpack_sharing_enabled":true,"_links":{"self":[{"href":"https:\/\/zonaroja.com.mx\/index.php?rest_route=\/wp\/v2\/posts\/15210","targetHints":{"allow":["GET"]}}],"collection":[{"href":"https:\/\/zonaroja.com.mx\/index.php?rest_route=\/wp\/v2\/posts"}],"about":[{"href":"https:\/\/zonaroja.com.mx\/index.php?rest_route=\/wp\/v2\/types\/post"}],"author":[{"embeddable":true,"href":"https:\/\/zonaroja.com.mx\/index.php?rest_route=\/wp\/v2\/users\/2"}],"replies":[{"embeddable":true,"href":"https:\/\/zonaroja.com.mx\/index.php?rest_route=%2Fwp%2Fv2%2Fcomments&post=15210"}],"version-history":[{"count":1,"href":"https:\/\/zonaroja.com.mx\/index.php?rest_route=\/wp\/v2\/posts\/15210\/revisions"}],"predecessor-version":[{"id":15212,"href":"https:\/\/zonaroja.com.mx\/index.php?rest_route=\/wp\/v2\/posts\/15210\/revisions\/15212"}],"wp:featuredmedia":[{"embeddable":true,"href":"https:\/\/zonaroja.com.mx\/index.php?rest_route=\/wp\/v2\/media\/15211"}],"wp:attachment":[{"href":"https:\/\/zonaroja.com.mx\/index.php?rest_route=%2Fwp%2Fv2%2Fmedia&parent=15210"}],"wp:term":[{"taxonomy":"category","embeddable":true,"href":"https:\/\/zonaroja.com.mx\/index.php?rest_route=%2Fwp%2Fv2%2Fcategories&post=15210"},{"taxonomy":"post_tag","embeddable":true,"href":"https:\/\/zonaroja.com.mx\/index.php?rest_route=%2Fwp%2Fv2%2Ftags&post=15210"}],"curies":[{"name":"wp","href":"https:\/\/api.w.org\/{rel}","templated":true}]}}