{"id":15214,"date":"2020-07-18T22:57:43","date_gmt":"2020-07-19T03:57:43","guid":{"rendered":"https:\/\/www.zonaroja.com.mx\/?p=15214"},"modified":"2020-07-18T22:57:45","modified_gmt":"2020-07-19T03:57:45","slug":"registra-sso-ocho-mil-514-casos-acumulados-de-covidw-19-y-817-decesos","status":"publish","type":"post","link":"https:\/\/zonaroja.com.mx\/?p=15214","title":{"rendered":"Registra SSO, ocho mil 514 casos acumulados de Covidw-19 y 817 decesos"},"content":{"rendered":"\n<p>Redacci\u00f3n\/Zona Roja.<\/p>\n\n\n\n<p>Oaxaca de Ju\u00e1rez, Oax., 18 de julio de 2020.- Al corte epidemiol\u00f3gico de este s\u00e1bado se tienen ocho mil 514 casos confirmados acumulados a Covid-19, que suman 140 casos nuevos.&nbsp;<\/p>\n\n\n\n<p>La dependencia Servicios de Salud de Oaxaca agreg\u00f3 que se han notificado 13 mil 594 casos, de los cuales tres mil 984 han sido negativos, mil 96 son sospechosos en espera de resultados por laboratorio, siete mil 259 se han recuperado y lamentablemente se registran ocho decesos que suman 817 decesos y hay 438 casos activos.<\/p>\n\n\n\n<p>Mencion\u00f3 que la Jurisdicci\u00f3n Sanitaria n\u00famero uno Valles Centrales, registra cinco mil 550 casos y 422 defunciones, Tuxtepec mil 250 casos y 178 defunciones, Istmo 755 y 109 defunciones, Mixteca 461 y 49 defunciones, Costa 344 y 32 defunciones y la Sierra 154 y 27 defunciones.<\/p>\n\n\n\n<p>Dijo que de los 140 casos nuevos registrados al corte epidemiol\u00f3gico de este d\u00eda, se ubican en 47 municipios, siendo los que mayor n\u00famero de casos presentan, San Juan Bautista Tuxtepec con 32, Oaxaca de Ju\u00e1rez con 31, Santa Luc\u00eda del Camino nueve, Santa Cruz Xoxocotl\u00e1n y Salina Cruz cuatro cada uno, Villa de Zaachila, Nazareno Etla, San Vicente Coatl\u00e1n, y Huautla de Jim\u00e9nez tres cada uno y el resto dos y uno.<\/p>\n\n\n\n<p>Los SSO han atendido cinco mil 757 casos, el IMSS r\u00e9gimen ordinario mil 607, el ISSSTE 497, IMSS Bienestar 301, SEDENA 165, SEMAR 74, PEMEX 65 y otras instituciones del sector 48. Se han contagiado 492 m\u00e9dicos y 641 es personal de enfermer\u00eda y otros trabajadores del sector 439.<\/p>\n\n\n\n<p>A\u00f1adi\u00f3 que de las 817 defunciones sigue siendo el grupo de edad de 65 y m\u00e1s a\u00f1os el m\u00e1s afectado con 346, el de 50 a 59 con 204 y el de 60 a 64 con 109; por sexo 524 son hombres y 293 mujeres. Las comorbilidades sigue siendo la diabetes, hipertensi\u00f3n arterial, obesidad e insuficiencia renal.<\/p>\n\n\n\n<p>En relaci\u00f3n a la ocupaci\u00f3n hospitalaria el Hospital de la Ni\u00f1ez Oaxaque\u00f1a tiene el 100% de camas ocupadas, seguida de PEMEX con 86.7%, la SEMAR con 73.3% y el HRAEO con 64.5% de ocupaci\u00f3n. <\/p>\n","protected":false},"excerpt":{"rendered":"<p>Redacci\u00f3n\/Zona Roja. Oaxaca de Ju\u00e1rez, Oax., 18 de julio de 2020.- Al corte epidemiol\u00f3gico de&hellip;<\/p>\n","protected":false},"author":2,"featured_media":15213,"comment_status":"closed","ping_status":"open","sticky":false,"template":"","format":"standard","meta":{"_lmt_disableupdate":"","_lmt_disable":"","_jetpack_memberships_contains_paid_content":false,"footnotes":""},"categories":[109,47],"tags":[1497],"class_list":["post-15214","post","type-post","status-publish","format-standard","has-post-thumbnail","hentry","category-minuto-a-minuto","category-zona-gris","tag-coronavirus-en-oaxaca"],"jetpack_featured_media_url":"https:\/\/zonaroja.com.mx\/wp-content\/uploads\/2020\/07\/4b0068d1-b164-4835-b6ea-93e33ea0d9e2.jpg","jetpack_sharing_enabled":true,"_links":{"self":[{"href":"https:\/\/zonaroja.com.mx\/index.php?rest_route=\/wp\/v2\/posts\/15214","targetHints":{"allow":["GET"]}}],"collection":[{"href":"https:\/\/zonaroja.com.mx\/index.php?rest_route=\/wp\/v2\/posts"}],"about":[{"href":"https:\/\/zonaroja.com.mx\/index.php?rest_route=\/wp\/v2\/types\/post"}],"author":[{"embeddable":true,"href":"https:\/\/zonaroja.com.mx\/index.php?rest_route=\/wp\/v2\/users\/2"}],"replies":[{"embeddable":true,"href":"https:\/\/zonaroja.com.mx\/index.php?rest_route=%2Fwp%2Fv2%2Fcomments&post=15214"}],"version-history":[{"count":1,"href":"https:\/\/zonaroja.com.mx\/index.php?rest_route=\/wp\/v2\/posts\/15214\/revisions"}],"predecessor-version":[{"id":15215,"href":"https:\/\/zonaroja.com.mx\/index.php?rest_route=\/wp\/v2\/posts\/15214\/revisions\/15215"}],"wp:featuredmedia":[{"embeddable":true,"href":"https:\/\/zonaroja.com.mx\/index.php?rest_route=\/wp\/v2\/media\/15213"}],"wp:attachment":[{"href":"https:\/\/zonaroja.com.mx\/index.php?rest_route=%2Fwp%2Fv2%2Fmedia&parent=15214"}],"wp:term":[{"taxonomy":"category","embeddable":true,"href":"https:\/\/zonaroja.com.mx\/index.php?rest_route=%2Fwp%2Fv2%2Fcategories&post=15214"},{"taxonomy":"post_tag","embeddable":true,"href":"https:\/\/zonaroja.com.mx\/index.php?rest_route=%2Fwp%2Fv2%2Ftags&post=15214"}],"curies":[{"name":"wp","href":"https:\/\/api.w.org\/{rel}","templated":true}]}}