{"id":15216,"date":"2020-07-19T07:55:18","date_gmt":"2020-07-19T12:55:18","guid":{"rendered":"http:\/\/www.zonaroja.com.mx\/?p=15216"},"modified":"2020-07-19T18:06:03","modified_gmt":"2020-07-19T23:06:03","slug":"honran-tierra-de-benito-juarez-con-inversion-de-57-6-mdp","status":"publish","type":"post","link":"https:\/\/zonaroja.com.mx\/?p=15216","title":{"rendered":"Honran tierra de Benito Ju\u00e1rez con inversi\u00f3n de 56.6 mdp"},"content":{"rendered":"\n<p>Redacci\u00f3n\/Zona Roja.<\/p>\n\n\n\n<p>Oaxaca de Ju\u00e1rez, Oax., 19 de julio de 2020.- El Instituto Nacional de los Pueblos Ind\u00edgenas (INPI) y el Instituto para Devolver al Pueblo lo Robado (Indep) entregaron recursos 56.6 millones de pesos de manera directa al municipio de San Pablo Guelatao, Oaxaca.<\/p>\n\n\n\n<p>Lo anterior para impulsar su desarrollo\ny bienestar comunal, dando as\u00ed cumplimiento cabal al compromiso contra\u00eddo por\nel presidente Andr\u00e9s Manuel L\u00f3pez Obrador en ese municipio de la Sierra Norte\nde Oaxaca el pasado 21 de marzo, en el marco de la ceremonia por el natalicio\nde Benito Ju\u00e1rez Garc\u00eda.<\/p>\n\n\n\n<p>De acuerdo con un comunicado, con motivo del aniversario luctuoso del Benem\u00e9rito de las Am\u00e9ricas, los directores generales del INPI y el Indep, Adelfo Regino Montes y Jaime C\u00e1rdenas Garc\u00eda, respectivamente, as\u00ed como integrantes del cabildo de Guelatao encabezados por el presidente municipal, Federico Hern\u00e1ndez Ram\u00edrez, firmaron un convenio de colaboraci\u00f3n para entregar directamente al ayuntamiento recursos por un monto de 56 millones 600 mil pesos cuyo destino ser\u00e1 acordado por la asamblea comunitaria de la poblaci\u00f3n.<\/p>\n\n\n\n<p>Luego de asistir a la ceremonia solemne\npor el 148 aniversario luctuoso de Benito Ju\u00e1rez en Palacio Nacional, la cual\nestuvo encabezada por el presidente L\u00f3pez Obrador, el titular del INPI y las\nautoridades municipales de Guelatao se trasladaron a las oficinas del Indep,\ndonde se llev\u00f3 a cabo la firma protocolaria del convenio y la entrega simb\u00f3lica\ndel cheque. <\/p>\n\n\n\n<p>Ah\u00ed, Adelfo Regino Montes record\u00f3 que el\n21 de marzo del a\u00f1o pasado en Guelatao se hizo el compromiso de que el Gobierno\nde M\u00e9xico aportar\u00eda un fondo para el desarrollo de este pueblo zapoteca.<\/p>\n\n\n\n<p>En tanto el presidente municipal de\nGuelatao, Federico Hern\u00e1ndez Ram\u00edrez, destac\u00f3 que por primera vez en la\nhistoria un Presidente de la Rep\u00fablica invita al Palacio Nacional a las\nautoridades comunitarias de Guelatao para estar presentes en la ceremonia\nluctuosa en honor a Benito Ju\u00e1rez y reiter\u00f3 adem\u00e1s el acuerdo que hicieron el\n21 de marzo de este a\u00f1o para que este municipio pueda acceder a recursos de\nmanera directa y sin la participaci\u00f3n de ninguna otra instancia como\nintermediaria.<\/p>\n\n\n\n<p>Por su parte el titular del Instituto\npara Devolverle al Pueblo lo Robado, Jaime C\u00e1rdenas Garc\u00eda, confi\u00f3 en que las\nautoridades y pueblo de Guelatao har\u00e1n un uso eficiente de los m\u00e1s de 56\nmillones que est\u00e1n recibiendo para impulsar obras y acciones de desarrollo para\nla comunidad. <\/p>\n\n\n\n<p>la entrega de los recursos al INPI y\ndesde ah\u00ed al municipio, es una instrucci\u00f3n del Presidente de la Rep\u00fablica y hoy\nestamos cumpliendo con ese compromiso porque los pueblos ind\u00edgenas son la\nesencia de nuestro pa\u00eds, se\u00f1al\u00f3.<\/p>\n\n\n\n<p>El convenio fue firmado por las y los\nfuncionarios de ambas dependencias federales, as\u00ed como por el s\u00edndico Municipal\nde Guelatao, Alejandro Ruiz Garc\u00eda, la regidora de Hacienda, Jenny Pacheco\nGarc\u00eda, y el tesorero Gilberto Cort\u00e9s Hern\u00e1ndez, quienes fueron electos por la\nasamblea comunitaria junto con otros cuatro integrantes para cumplir un\nservicio de a\u00f1o y medio en la comunidad sin percibir ning\u00fan sueldo, en este\nmunicipio peque\u00f1o en territorio y con 570 habitantes, pero con una enorme\nhistoria que ha rebasado las fronteras del estado y el pa\u00eds.<\/p>\n","protected":false},"excerpt":{"rendered":"<p>Redacci\u00f3n\/Zona Roja. Oaxaca de Ju\u00e1rez, Oax., 19 de julio de 2020.- El Instituto Nacional de&hellip;<\/p>\n","protected":false},"author":2,"featured_media":15217,"comment_status":"closed","ping_status":"open","sticky":false,"template":"","format":"standard","meta":{"_lmt_disableupdate":"","_lmt_disable":"","_jetpack_memberships_contains_paid_content":false,"footnotes":""},"categories":[109,46],"tags":[1845],"class_list":["post-15216","post","type-post","status-publish","format-standard","has-post-thumbnail","hentry","category-minuto-a-minuto","category-zona-blanca","tag-guelatao-de-juarez"],"jetpack_featured_media_url":"https:\/\/zonaroja.com.mx\/wp-content\/uploads\/2020\/07\/Edil-Guelatao.jpg","jetpack_sharing_enabled":true,"_links":{"self":[{"href":"https:\/\/zonaroja.com.mx\/index.php?rest_route=\/wp\/v2\/posts\/15216","targetHints":{"allow":["GET"]}}],"collection":[{"href":"https:\/\/zonaroja.com.mx\/index.php?rest_route=\/wp\/v2\/posts"}],"about":[{"href":"https:\/\/zonaroja.com.mx\/index.php?rest_route=\/wp\/v2\/types\/post"}],"author":[{"embeddable":true,"href":"https:\/\/zonaroja.com.mx\/index.php?rest_route=\/wp\/v2\/users\/2"}],"replies":[{"embeddable":true,"href":"https:\/\/zonaroja.com.mx\/index.php?rest_route=%2Fwp%2Fv2%2Fcomments&post=15216"}],"version-history":[{"count":2,"href":"https:\/\/zonaroja.com.mx\/index.php?rest_route=\/wp\/v2\/posts\/15216\/revisions"}],"predecessor-version":[{"id":15234,"href":"https:\/\/zonaroja.com.mx\/index.php?rest_route=\/wp\/v2\/posts\/15216\/revisions\/15234"}],"wp:featuredmedia":[{"embeddable":true,"href":"https:\/\/zonaroja.com.mx\/index.php?rest_route=\/wp\/v2\/media\/15217"}],"wp:attachment":[{"href":"https:\/\/zonaroja.com.mx\/index.php?rest_route=%2Fwp%2Fv2%2Fmedia&parent=15216"}],"wp:term":[{"taxonomy":"category","embeddable":true,"href":"https:\/\/zonaroja.com.mx\/index.php?rest_route=%2Fwp%2Fv2%2Fcategories&post=15216"},{"taxonomy":"post_tag","embeddable":true,"href":"https:\/\/zonaroja.com.mx\/index.php?rest_route=%2Fwp%2Fv2%2Ftags&post=15216"}],"curies":[{"name":"wp","href":"https:\/\/api.w.org\/{rel}","templated":true}]}}