{"id":15219,"date":"2020-07-19T08:24:31","date_gmt":"2020-07-19T13:24:31","guid":{"rendered":"http:\/\/www.zonaroja.com.mx\/?p=15219"},"modified":"2020-07-19T08:24:34","modified_gmt":"2020-07-19T13:24:34","slug":"no-cesa-inseguridad-en-capital-de-oaxaca-hoy-un-asesinado-ayer-un-herido","status":"publish","type":"post","link":"https:\/\/zonaroja.com.mx\/?p=15219","title":{"rendered":"No cesa inseguridad en capital de Oaxaca: hoy un asesinado, ayer un herido"},"content":{"rendered":"\n<p>Redacci\u00f3n\/Zona Roja.<\/p>\n\n\n\n<p>Oaxaca de Ju\u00e1rez, Oax., 19 de julio de\n2020.- La nula vigilancia por parte de la Polic\u00eda Municipal de Oaxaca de\nJu\u00e1rez, deriv\u00f3 en dos hechos violentos en las \u00faltimas 12 horas, entre ellas un\nasesinato.<\/p>\n\n\n\n<p>Alrededor de las siete de la ma\u00f1ana de\neste domingo, a un carril lateral del Perif\u00e9rico, en inmediaciones del Mercado\nde Abasto, un individuo fue atacado con arma blanca, por un sujeto desconocido.<\/p>\n\n\n\n<p>Param\u00e9dicos de la organizaci\u00f3n \u201cBravo\nAlpha\u201d arribaron al lugar de inmediato para dar atenci\u00f3n m\u00e9dica, pero\ncorroboraron que ya hab\u00eda perdido la vida; hasta el momento no ha sido\nidentificado.<\/p>\n\n\n\n<p>Por otra parte, ayer aproximadamente a\nlas 18:00 horas, cerca del mismo sitio, otro individuo fue atacado a\ncuchilladas.<\/p>\n\n\n\n<p>Fue en la calle Las Casas, casi esquina\ncon Perif\u00e9rico, en que Cornelio C. O., de 55 a\u00f1os de edad, esperaba turno para\npagar un abono en la tienda Elektra, cuando un maleante se le acerc\u00f3 para\nsaltarlo, al tiempo de enterrarle un cuchillo.<\/p>\n\n\n\n<p>El agresor logr\u00f3 darse a la fuga pese a\nlo concurrido en la zona, mientras que la v\u00edctima fue atendida de la lesi\u00f3n en\nel abdomen.<\/p>\n\n\n\n<p>POLIC\u00cdAS AGREDIDOS<\/p>\n\n\n\n<p>Por otra parte, en San Pedro Pochutla,\nregi\u00f3n Costa, dos polic\u00edas municipales fueron agredidos a machetazos, cuando\natend\u00edan un llamado de auxilio alrededor de la una de la tarde, en la Secci\u00f3n\nSegunda, cerca del pante\u00f3n.<\/p>\n\n\n\n<p>Un individuo al parecer en estado de\nebriedad, amenazaba a varias personas por lo cual se pidi\u00f3 el auxilio de los\nuniformados, pero de forma sorpresiva fueron atacados con un machete.<\/p>\n\n\n\n<p>Las v\u00edctimas, identificadas como Juan\nCarlos M. L. y Adolfo A. R., fueron trasladadas graves a un hospital y sus\ncompa\u00f1eros iniciaron la b\u00fasqueda, logrando la captura del probable atacante,\nidentificado como M. P. A.<\/p>\n\n\n\n<p>MUERTO EN HUATULCO<\/p>\n\n\n\n<p>Mientras tanto, ayer por la tarde en\nBah\u00edas de Huatulco un sujeto perdi\u00f3 la vida ahogado en el mar, cuando fue a\nnadar con su hija menor de edad, en la bah\u00eda de San Agust\u00edn.<\/p>\n\n\n\n<p>Una marejada arrastr\u00f3 a ambos y el padre\npudo salvar a su peque\u00f1a y sacarla a tierra, pero nuevamente fue arrastrado por\nuna ola, por lo cual muri\u00f3 ahogado; la v\u00edctima fue identificada como C\u00e9sar D.\nG., de 24 a\u00f1os de edad.<\/p>\n","protected":false},"excerpt":{"rendered":"<p>Redacci\u00f3n\/Zona Roja. Oaxaca de Ju\u00e1rez, Oax., 19 de julio de 2020.- La nula vigilancia por&hellip;<\/p>\n","protected":false},"author":2,"featured_media":15220,"comment_status":"closed","ping_status":"open","sticky":false,"template":"","format":"standard","meta":{"_lmt_disableupdate":"","_lmt_disable":"","_jetpack_memberships_contains_paid_content":false,"footnotes":""},"categories":[109,51],"tags":[148],"class_list":["post-15219","post","type-post","status-publish","format-standard","has-post-thumbnail","hentry","category-minuto-a-minuto","category-zona-roja","tag-oaxaca-de-juarez"],"jetpack_featured_media_url":"https:\/\/zonaroja.com.mx\/wp-content\/uploads\/2020\/07\/Asesinado-ciudad-de-Oaxaca.jpg","jetpack_sharing_enabled":true,"_links":{"self":[{"href":"https:\/\/zonaroja.com.mx\/index.php?rest_route=\/wp\/v2\/posts\/15219","targetHints":{"allow":["GET"]}}],"collection":[{"href":"https:\/\/zonaroja.com.mx\/index.php?rest_route=\/wp\/v2\/posts"}],"about":[{"href":"https:\/\/zonaroja.com.mx\/index.php?rest_route=\/wp\/v2\/types\/post"}],"author":[{"embeddable":true,"href":"https:\/\/zonaroja.com.mx\/index.php?rest_route=\/wp\/v2\/users\/2"}],"replies":[{"embeddable":true,"href":"https:\/\/zonaroja.com.mx\/index.php?rest_route=%2Fwp%2Fv2%2Fcomments&post=15219"}],"version-history":[{"count":1,"href":"https:\/\/zonaroja.com.mx\/index.php?rest_route=\/wp\/v2\/posts\/15219\/revisions"}],"predecessor-version":[{"id":15221,"href":"https:\/\/zonaroja.com.mx\/index.php?rest_route=\/wp\/v2\/posts\/15219\/revisions\/15221"}],"wp:featuredmedia":[{"embeddable":true,"href":"https:\/\/zonaroja.com.mx\/index.php?rest_route=\/wp\/v2\/media\/15220"}],"wp:attachment":[{"href":"https:\/\/zonaroja.com.mx\/index.php?rest_route=%2Fwp%2Fv2%2Fmedia&parent=15219"}],"wp:term":[{"taxonomy":"category","embeddable":true,"href":"https:\/\/zonaroja.com.mx\/index.php?rest_route=%2Fwp%2Fv2%2Fcategories&post=15219"},{"taxonomy":"post_tag","embeddable":true,"href":"https:\/\/zonaroja.com.mx\/index.php?rest_route=%2Fwp%2Fv2%2Ftags&post=15219"}],"curies":[{"name":"wp","href":"https:\/\/api.w.org\/{rel}","templated":true}]}}