{"id":15225,"date":"2020-07-19T11:21:08","date_gmt":"2020-07-19T16:21:08","guid":{"rendered":"http:\/\/www.zonaroja.com.mx\/?p=15225"},"modified":"2020-07-19T11:21:11","modified_gmt":"2020-07-19T16:21:11","slug":"denuncian-que-personal-del-imss-en-oaxaca-labora-en-condiciones-inhumanas","status":"publish","type":"post","link":"https:\/\/zonaroja.com.mx\/?p=15225","title":{"rendered":"Denuncian que personal del IMSS en Oaxaca labora en condiciones inhumanas"},"content":{"rendered":"\n<p>Ismael Garc\u00eda M.\/Zona Roja.<\/p>\n\n\n\n<p>Oaxaca de Ju\u00e1rez, Oax., 19 de julio de\n2020.- Trabajadores del Instituto Mexicano del Seguro Social (IMSS) denunciaron\nque laboran en condiciones inhumanas y de hacinamiento, lo que los expone a\ncontagios por Covid-19.<\/p>\n\n\n\n<p>En un comunicado que difundieron, dieron\na conocer que son m\u00e1s de 50 personas que por contacto directo que tienen con\nenfermos del nuevo virus, se encuentran propensas a ser contagiadas.<\/p>\n\n\n\n<p>Dentro de los compromisos con la\nadministraci\u00f3n el tema de proporcionar productos para hidrataci\u00f3n al personal,\nsolo les proporcionan una fruta, se\u00f1alaron.<\/p>\n\n\n\n<p>Demandaron al titular del \u00d3rgano de\nOperaci\u00f3n Administrativa de la Delegaci\u00f3n Oaxaca, su intervenci\u00f3n inmediata\npara atender de manera urgente la falta de condiciones en su espacio de trabajo\nque aparte de ser insalubre es proclive a un alto porcentaje de contagio.<\/p>\n\n\n\n<p>\u201cSabemos que son tiempos dif\u00edciles para el \u00e1rea m\u00e9dica, sin embargo, trabajadores de la salud y sobre todo como seres humanos que ponemos en riesgo nuestra vida, solicitamos de manera urgente trajes especiales para atenci\u00f3n de Covid-19, as\u00ed como protocolos m\u00e9dicos y de sanidad especiales que necesitamos para realizar nuestras funciones\u201d, externaron.<\/p>\n\n\n\n<figure class=\"wp-block-image\"><img decoding=\"async\" width=\"1024\" height=\"685\" src=\"http:\/\/www.zonaroja.com.mx\/wp-content\/uploads\/2020\/07\/IMSS-Oaxaca-2-1024x685.jpg\" alt=\"\" class=\"wp-image-15227\" srcset=\"https:\/\/zonaroja.com.mx\/wp-content\/uploads\/2020\/07\/IMSS-Oaxaca-2-1024x685.jpg 1024w, https:\/\/zonaroja.com.mx\/wp-content\/uploads\/2020\/07\/IMSS-Oaxaca-2-300x201.jpg 300w, https:\/\/zonaroja.com.mx\/wp-content\/uploads\/2020\/07\/IMSS-Oaxaca-2-768x514.jpg 768w, https:\/\/zonaroja.com.mx\/wp-content\/uploads\/2020\/07\/IMSS-Oaxaca-2-585x392.jpg 585w, https:\/\/zonaroja.com.mx\/wp-content\/uploads\/2020\/07\/IMSS-Oaxaca-2-263x175.jpg 263w, https:\/\/zonaroja.com.mx\/wp-content\/uploads\/2020\/07\/IMSS-Oaxaca-2.jpg 1152w\" sizes=\"(max-width: 1024px) 100vw, 1024px\" \/><\/figure>\n\n\n\n<p>\u201cLaboramos en condiciones insalubres,\nhacinados en un peque\u00f1o espacio sin ventilaci\u00f3n, donde al momento del cambio de\nturno, el personal est\u00e1 altamente propenso a contagiarse, pues al mismo tiempo\nque salen sus compa\u00f1eros con sus ropas contaminadas, en el mismo espacio ellos\nse est\u00e1n preparando para entrar\u201d.<\/p>\n\n\n\n<p>Demandaron de manera inmediata que los\nroles de turno sean escalonados, de manera tal que ambos turnos no est\u00e9n en\ncontacto directo en la misma \u00e1rea, y que antes de entrar a laborar, la misma\nsea correctamente sanitizada para evitar el riesgo de contagio al que ahora\nest\u00e1n sometidos.<\/p>\n\n\n\n<p>Exigieron que el \u00e1rea de sanitarios sea\nampliada, ya que en la actualidad solo cuentan con dos regaderas, dos sanitarios\npara damas y dos para caballeros, que en est\u00e1n siendo rehabilitados, y los\nmismos no son suficientes para atender a m\u00e1s de 50 personas a camilleros,\npersonal de higiene y limpieza, enfermeras, m\u00e9dicos, asistentes, trabajadoras\nsociales, inhaloterapia, nutrici\u00f3n, terapia f\u00edsica y rehabilitaci\u00f3n, entre\notras.<\/p>\n\n\n\n<p>Los trabajadores del \u00e1rea Covid-19 al\nestar portando por larga jornada trajes especiales, sufren de calor, por lo que\nnecesitan hidratarse y el compromiso con la administraci\u00f3n es que se les\nproporcionar\u00edan los productos necesarios para ello, sin embargo, a la fecha\nsolo una fruta les proporcionan por jornada, ya sea una manzana o un mango,\npero nada de otros productos, que finalmente cata empleado tiene que comprar de\nmanera personal.<\/p>\n","protected":false},"excerpt":{"rendered":"<p>Ismael Garc\u00eda M.\/Zona Roja. Oaxaca de Ju\u00e1rez, Oax., 19 de julio de 2020.- Trabajadores del&hellip;<\/p>\n","protected":false},"author":2,"featured_media":15226,"comment_status":"closed","ping_status":"open","sticky":false,"template":"","format":"standard","meta":{"_lmt_disableupdate":"","_lmt_disable":"","_jetpack_memberships_contains_paid_content":false,"footnotes":""},"categories":[109,47],"tags":[218],"class_list":["post-15225","post","type-post","status-publish","format-standard","has-post-thumbnail","hentry","category-minuto-a-minuto","category-zona-gris","tag-instituto-mexicano-del-seguro-social"],"jetpack_featured_media_url":"https:\/\/zonaroja.com.mx\/wp-content\/uploads\/2020\/07\/IMSS-Oaxaca-1.jpg","jetpack_sharing_enabled":true,"_links":{"self":[{"href":"https:\/\/zonaroja.com.mx\/index.php?rest_route=\/wp\/v2\/posts\/15225","targetHints":{"allow":["GET"]}}],"collection":[{"href":"https:\/\/zonaroja.com.mx\/index.php?rest_route=\/wp\/v2\/posts"}],"about":[{"href":"https:\/\/zonaroja.com.mx\/index.php?rest_route=\/wp\/v2\/types\/post"}],"author":[{"embeddable":true,"href":"https:\/\/zonaroja.com.mx\/index.php?rest_route=\/wp\/v2\/users\/2"}],"replies":[{"embeddable":true,"href":"https:\/\/zonaroja.com.mx\/index.php?rest_route=%2Fwp%2Fv2%2Fcomments&post=15225"}],"version-history":[{"count":1,"href":"https:\/\/zonaroja.com.mx\/index.php?rest_route=\/wp\/v2\/posts\/15225\/revisions"}],"predecessor-version":[{"id":15228,"href":"https:\/\/zonaroja.com.mx\/index.php?rest_route=\/wp\/v2\/posts\/15225\/revisions\/15228"}],"wp:featuredmedia":[{"embeddable":true,"href":"https:\/\/zonaroja.com.mx\/index.php?rest_route=\/wp\/v2\/media\/15226"}],"wp:attachment":[{"href":"https:\/\/zonaroja.com.mx\/index.php?rest_route=%2Fwp%2Fv2%2Fmedia&parent=15225"}],"wp:term":[{"taxonomy":"category","embeddable":true,"href":"https:\/\/zonaroja.com.mx\/index.php?rest_route=%2Fwp%2Fv2%2Fcategories&post=15225"},{"taxonomy":"post_tag","embeddable":true,"href":"https:\/\/zonaroja.com.mx\/index.php?rest_route=%2Fwp%2Fv2%2Ftags&post=15225"}],"curies":[{"name":"wp","href":"https:\/\/api.w.org\/{rel}","templated":true}]}}