{"id":15232,"date":"2020-07-19T17:38:52","date_gmt":"2020-07-19T22:38:52","guid":{"rendered":"https:\/\/www.zonaroja.com.mx\/?p=15232"},"modified":"2020-07-19T17:39:45","modified_gmt":"2020-07-19T22:39:45","slug":"a-cuatro-meses-de-pandemia-y-ante-crisis-reacciona-gobierno-y-se-desplaza-al-istmo","status":"publish","type":"post","link":"https:\/\/zonaroja.com.mx\/?p=15232","title":{"rendered":"A cuatro meses de pandemia y ante crisis, reacciona gobierno y se desplaza al Istmo"},"content":{"rendered":"\n<p>Redacci\u00f3n\/Zona Roja.<\/p>\n\n\n\n<p>Oaxaca de Ju\u00e1rez, Oax. 19 de julio de 2020.- A cuatro meses de iniciada la pandemia en Oaxaca y ante la crisis por Covid, el gobierno estatal  reaccion\u00f3 y moviliz\u00f3 a sus funcionarios a la regi\u00f3n del Istmo. <\/p>\n\n\n\n<p>En un comunicado, inform\u00f3 que, en coordinaci\u00f3n con municipios, realizar\u00e1n diversas actividades para reducir el n\u00famero de contagios por el nuevo coronavirus, as\u00ed como para el reforzamiento de las medidas preventivas entre la poblaci\u00f3n de esta zona de la entidad.<\/p>\n\n\n\n<p>Lo anterior, fue acordado en una reuni\u00f3n de coordinaci\u00f3n por motivo de la emergencia sanitaria en la regi\u00f3n, la cual fue encabezada, con la representaci\u00f3n del gobernador Alejandro Murat Hinojosa, por el secretario de Seguridad P\u00fablica de Oaxaca, Ra\u00fal Ernesto Salcedo Rosales.<\/p>\n\n\n\n<p>Las tareas que se acordaron realizar son: el reforzamiento de las medidas sanitarias a trav\u00e9s de perifoneo en espa\u00f1ol y lenguas ind\u00edgenas en los municipios con mayor incidencia de la enfermedad; la sanitizaci\u00f3n de las principales calles de los ayuntamientos con mayor concentraci\u00f3n y afluencia de personas.<\/p>\n\n\n\n<p>As\u00ed como la implementaci\u00f3n de filtros regionales instalados en las entradas de cada municipio, para evitar la propagaci\u00f3n del virus y ofrecer medidas de contingencia a la ciudadan\u00eda. <\/p>\n\n\n\n<p>En esta acci\u00f3n participar\u00e1n elementos de la Polic\u00eda Vial Estatal, Polic\u00eda Estatal, la Secretar\u00eda de Movilidad (Semovi) y el sector Salud.Tambi\u00e9n se acord\u00f3 la suspensi\u00f3n parcial y temporal de venta de alcohol en toda la regi\u00f3n, as\u00ed como el cierre de bares, restaurantes y lugares que no sean de primera necesidad.<\/p>\n\n\n\n<p>A esta reuni\u00f3n realizada en la Base de Operaciones de la Guardia Nacional -ubicada en Salina Cruz- asistieron presidentes municipales y representantes de los municipios de Santo Domingo Tehuantepec, Ciudad Ixtepec, Salina Cruz, Juchit\u00e1n de Zaragoza y Uni\u00f3n Hidalgo, quienes respaldaron estas medidas.<\/p>\n\n\n\n<p>As\u00ed como funcionarios de la Coordinaci\u00f3n General del Comit\u00e9 Estatal de Planeaci\u00f3n para el Desarrollo de Oaxaca (Coplade) y de la Secretar\u00eda del Medio Ambiente, Energ\u00edas y Desarrollo Sustentable de Oaxaca (Semaedeso), entre otros.<\/p>\n","protected":false},"excerpt":{"rendered":"<p>Redacci\u00f3n\/Zona Roja. Oaxaca de Ju\u00e1rez, Oax. 19 de julio de 2020.- A cuatro meses de&hellip;<\/p>\n","protected":false},"author":2,"featured_media":15231,"comment_status":"closed","ping_status":"open","sticky":false,"template":"","format":"standard","meta":{"_lmt_disableupdate":"","_lmt_disable":"","_jetpack_memberships_contains_paid_content":false,"footnotes":""},"categories":[109,47],"tags":[1512],"class_list":["post-15232","post","type-post","status-publish","format-standard","has-post-thumbnail","hentry","category-minuto-a-minuto","category-zona-gris","tag-coronavirus-oaxaca"],"jetpack_featured_media_url":"https:\/\/zonaroja.com.mx\/wp-content\/uploads\/2020\/07\/86dd3036-1fa6-4099-8be6-bbfb31e10dea.jpg","jetpack_sharing_enabled":true,"_links":{"self":[{"href":"https:\/\/zonaroja.com.mx\/index.php?rest_route=\/wp\/v2\/posts\/15232","targetHints":{"allow":["GET"]}}],"collection":[{"href":"https:\/\/zonaroja.com.mx\/index.php?rest_route=\/wp\/v2\/posts"}],"about":[{"href":"https:\/\/zonaroja.com.mx\/index.php?rest_route=\/wp\/v2\/types\/post"}],"author":[{"embeddable":true,"href":"https:\/\/zonaroja.com.mx\/index.php?rest_route=\/wp\/v2\/users\/2"}],"replies":[{"embeddable":true,"href":"https:\/\/zonaroja.com.mx\/index.php?rest_route=%2Fwp%2Fv2%2Fcomments&post=15232"}],"version-history":[{"count":1,"href":"https:\/\/zonaroja.com.mx\/index.php?rest_route=\/wp\/v2\/posts\/15232\/revisions"}],"predecessor-version":[{"id":15233,"href":"https:\/\/zonaroja.com.mx\/index.php?rest_route=\/wp\/v2\/posts\/15232\/revisions\/15233"}],"wp:featuredmedia":[{"embeddable":true,"href":"https:\/\/zonaroja.com.mx\/index.php?rest_route=\/wp\/v2\/media\/15231"}],"wp:attachment":[{"href":"https:\/\/zonaroja.com.mx\/index.php?rest_route=%2Fwp%2Fv2%2Fmedia&parent=15232"}],"wp:term":[{"taxonomy":"category","embeddable":true,"href":"https:\/\/zonaroja.com.mx\/index.php?rest_route=%2Fwp%2Fv2%2Fcategories&post=15232"},{"taxonomy":"post_tag","embeddable":true,"href":"https:\/\/zonaroja.com.mx\/index.php?rest_route=%2Fwp%2Fv2%2Ftags&post=15232"}],"curies":[{"name":"wp","href":"https:\/\/api.w.org\/{rel}","templated":true}]}}