{"id":15235,"date":"2020-07-19T19:32:17","date_gmt":"2020-07-20T00:32:17","guid":{"rendered":"http:\/\/www.zonaroja.com.mx\/?p=15235"},"modified":"2020-07-19T19:32:19","modified_gmt":"2020-07-20T00:32:19","slug":"en-duda-semaforo-rojo-en-oaxaca-solo-confinamiento-en-istmo-y-cuenca","status":"publish","type":"post","link":"https:\/\/zonaroja.com.mx\/?p=15235","title":{"rendered":"En duda sem\u00e1foro rojo en Oaxaca; s\u00f3lo confinamiento en Istmo y Cuenca"},"content":{"rendered":"\n<p>Ismael\nGarc\u00eda M.\/Zona Roja.<\/p>\n\n\n\n<p>Oaxaca de\nJu\u00e1rez, Oax., 19 de julio de 2020.- Sin precisar si se aplicar\u00e1 el sem\u00e1foro\nepidemiol\u00f3gico en rojo que sugiri\u00f3 la Secretar\u00eda de Salud federal ante los crecientes\ncasos de Covid-19, el gobernador de Oaxaca, Alejandro Murat, anunci\u00f3 un\nconfinamiento voluntario por 10 d\u00edas para municipios de las regiones Cuenca e\nIstmo.<\/p>\n\n\n\n<p>En tanto,\nValles Centrales, zona donde se concentra el mayor n\u00famero de casos positivos y\ndefunciones, expuso que \u201clos casos se encuentran estables, por eso seguiremos\nla ruta trazada\u201d, sin precisar cu\u00e1l.<\/p>\n\n\n\n<p>Consider\u00f3 que grupos de ciudadanos han sido irresponsables durante la pandemia:<\/p>\n\n\n\n<p>\u201cHa sido p\u00fablica y notoria la conducta de algunos ciudadanos que, contra todo principio de preservaci\u00f3n de la salud y la vida, han participado en todo tipo de celebraciones y concentraciones p\u00fablicas. Esto no puede seguir as\u00ed\u201d.<\/p>\n\n\n\n<figure class=\"wp-block-embed-twitter wp-block-embed is-type-rich is-provider-twitter\"><div class=\"wp-block-embed__wrapper\">\n<div class=\"twitter-tweet\"><blockquote class=\"twitter-tweet\" data-lang=\"es\"><p lang=\"es\" dir=\"ltr\"><a href=\"https:\/\/twitter.com\/hashtag\/%C3%9AltimoMinuto?src=hash&amp;ref_src=twsrc%5Etfw\">#\u00daltimoMinuto<\/a><br>Sin precisar si aplicar\u00e1 el sem\u00e1foro rojo en la entidad, el gobernador <a href=\"https:\/\/twitter.com\/alejandromurat?ref_src=twsrc%5Etfw\">@alejandromurat<\/a> anunci\u00f3 a trav\u00e9s de la <a href=\"https:\/\/twitter.com\/cortv?ref_src=twsrc%5Etfw\">@CORTV<\/a>, el inicio de un confinamiento voluntario por 10 d\u00edas, a partir de ma\u00f1ana, en las regiones Istmo y Cuenca,ante el alto n\u00famero de contagios por Covid. <a href=\"https:\/\/t.co\/zVwkdlwutN\">pic.twitter.com\/zVwkdlwutN<\/a><\/p>&mdash; Zona Roja Oaxaca (@MexRoja) <a href=\"https:\/\/twitter.com\/MexRoja\/status\/1285001959527911424?ref_src=twsrc%5Etfw\">20 de julio de 2020<\/a><\/blockquote><\/div>\n<\/div><\/figure>\n\n\n\n<p>En todo el estado, precis\u00f3, se mantiene como obligatorio el uso del cubreboca ; en el caso del confinamiento para la Cuenca y el Istmo, ser\u00e1 desde el primer minuto de ma\u00f1ana 20 de julio y hasta el \u00faltimo minuto del d\u00eda 29 de julio.<\/p>\n\n\n\n<p>Llam\u00f3 a no\nrelajar las medidas de prevenci\u00f3n e hizo un reconocimiento al personal m\u00e9dico\nque lucha contra la pandemia.<\/p>\n\n\n\n<p>\u201cLas y los\noaxaque\u00f1os somos un pueblo guerrero y solidario. Y de esta, solo hay una forma\nde salir: unidos, creando las mejores oportunidades para construir el Oaxaca que\nnos permita seguir creciendo como la gran familia que somos\u201d, finaliz\u00f3.<\/p>\n","protected":false},"excerpt":{"rendered":"<p>Ismael Garc\u00eda M.\/Zona Roja. Oaxaca de Ju\u00e1rez, Oax., 19 de julio de 2020.- Sin precisar&hellip;<\/p>\n","protected":false},"author":2,"featured_media":15237,"comment_status":"closed","ping_status":"open","sticky":false,"template":"","format":"standard","meta":{"_lmt_disableupdate":"","_lmt_disable":"","_jetpack_memberships_contains_paid_content":false,"footnotes":""},"categories":[109,47],"tags":[1512],"class_list":["post-15235","post","type-post","status-publish","format-standard","has-post-thumbnail","hentry","category-minuto-a-minuto","category-zona-gris","tag-coronavirus-oaxaca"],"jetpack_featured_media_url":"https:\/\/zonaroja.com.mx\/wp-content\/uploads\/2020\/07\/Coronavirus-Oaxaca-xx.jpg","jetpack_sharing_enabled":true,"_links":{"self":[{"href":"https:\/\/zonaroja.com.mx\/index.php?rest_route=\/wp\/v2\/posts\/15235","targetHints":{"allow":["GET"]}}],"collection":[{"href":"https:\/\/zonaroja.com.mx\/index.php?rest_route=\/wp\/v2\/posts"}],"about":[{"href":"https:\/\/zonaroja.com.mx\/index.php?rest_route=\/wp\/v2\/types\/post"}],"author":[{"embeddable":true,"href":"https:\/\/zonaroja.com.mx\/index.php?rest_route=\/wp\/v2\/users\/2"}],"replies":[{"embeddable":true,"href":"https:\/\/zonaroja.com.mx\/index.php?rest_route=%2Fwp%2Fv2%2Fcomments&post=15235"}],"version-history":[{"count":1,"href":"https:\/\/zonaroja.com.mx\/index.php?rest_route=\/wp\/v2\/posts\/15235\/revisions"}],"predecessor-version":[{"id":15238,"href":"https:\/\/zonaroja.com.mx\/index.php?rest_route=\/wp\/v2\/posts\/15235\/revisions\/15238"}],"wp:featuredmedia":[{"embeddable":true,"href":"https:\/\/zonaroja.com.mx\/index.php?rest_route=\/wp\/v2\/media\/15237"}],"wp:attachment":[{"href":"https:\/\/zonaroja.com.mx\/index.php?rest_route=%2Fwp%2Fv2%2Fmedia&parent=15235"}],"wp:term":[{"taxonomy":"category","embeddable":true,"href":"https:\/\/zonaroja.com.mx\/index.php?rest_route=%2Fwp%2Fv2%2Fcategories&post=15235"},{"taxonomy":"post_tag","embeddable":true,"href":"https:\/\/zonaroja.com.mx\/index.php?rest_route=%2Fwp%2Fv2%2Ftags&post=15235"}],"curies":[{"name":"wp","href":"https:\/\/api.w.org\/{rel}","templated":true}]}}