{"id":15242,"date":"2020-07-19T20:58:32","date_gmt":"2020-07-20T01:58:32","guid":{"rendered":"http:\/\/www.zonaroja.com.mx\/?p=15242"},"modified":"2020-07-19T20:58:38","modified_gmt":"2020-07-20T01:58:38","slug":"pide-congreso-disminuir-presupuesto-para-comunicacion-e-imagen-del-gobernador","status":"publish","type":"post","link":"https:\/\/zonaroja.com.mx\/?p=15242","title":{"rendered":"Pide Congreso disminuir presupuesto para comunicaci\u00f3n e imagen del gobernador"},"content":{"rendered":"\n<p>Yuridiana\nSosa\/Zona Roja.<\/p>\n\n\n\n<p>Oaxaca de\nJu\u00e1rez, Oax., 19 de julio 2020.- El Congreso de Oaxaca aprob\u00f3 un exhorto\ndirigido al Gobierno del Estado para que se aplique un recorte en el\npresupuesto anual para el \u00e1rea de Comunicaci\u00f3n Social y que se designen\nrecursos a las empresas de medios de comunicaci\u00f3n locales para beneficio de la\neconom\u00eda en Oaxaca.<\/p>\n\n\n\n<p>En la\nreciente sesi\u00f3n ordinaria de la 64 Legislatura local, el pleno vot\u00f3 a favor de\nla propuesta que present\u00f3 el diputado del Partido del Trabajo, Sa\u00fal Cruz\nJim\u00e9nez, para llamar al titular del Poder Ejecutivo de Oaxaca, Alejandro Murat,\ny el titular de la Coordinaci\u00f3n de Comunicaci\u00f3n Social y Vocer\u00eda del Estado,\nFrancisco Vallejo, para que disminuyan el presupuesto anual asignado al rubro\nde comunicaci\u00f3n social.<\/p>\n\n\n\n<p>La\npropuesta, basada en lo dispuesto en el art\u00edculo 137 de la Ley Estatal de\nPresupuesto y Responsabilidad Hacendaria, establece que la ejecuci\u00f3n del dinero\nse ejerza con austeridad, planeaci\u00f3n, eficacia, eficiencia, econom\u00eda,\ntransparencia y honradez procurando que dichos recursos sean dirigidos a\nempresas y medios de comunicaci\u00f3n locales.<\/p>\n\n\n\n<p>Durante la\nexposici\u00f3n de motivos, se dio a conocer que de acuerdo con el informe \u201c\u00cdndice\nde informaci\u00f3n del ejercicio del gasto 2019, el costo de una buena imagen\u201d que\nrealiz\u00f3 el Instituto Mexicano de la Competitividad, plante\u00f3 que durante el 2018\nel gobierno de Oaxaca ejerci\u00f3 recursos en publicidad oficial por un monto\nequivalente al 95 por ciento del gasto asignado en materia de turismo.<\/p>\n\n\n\n<p>Es decir, se\nautorizaron recursos por un monto de 269 millones 870 mil 631 pesos para el a\u00f1o\n2019, pero la Secretar\u00eda de Finanzas de Oaxaca autoriz\u00f3 ampliaciones\npresupuestales a dicha dependencia por un monto de 65 millones de pesos, por lo\nque se ejerci\u00f3 28 por ciento m\u00e1s de recursos en relaci\u00f3n al presupuesto del a\u00f1o\n2018.<\/p>\n\n\n\n<p>Exhibieron\nque durante la actual administraci\u00f3n estatal, a trav\u00e9s de la p\u00e1gina\nTransparencia del gobierno del Oaxaca, existe un beneficio millonario hacia la\nempresa Dise\u00f1o y Publicidad Hagnez S.A de CV . constituida en el 2015, misma\nque ha recibido recursos por 10 millones de pesos por parte del Sistema DIF\nOaxaca, principalmente.<\/p>\n\n\n\n<p>Entre los\nacuerdos, los diputados votaron para que el titular de la Coordinaci\u00f3n de\nComunicaci\u00f3n Social del gobierno de Oaxaca considere la contrataci\u00f3n de\nservicios de comunicaci\u00f3n social de los medios locales.<\/p>\n","protected":false},"excerpt":{"rendered":"<p>Yuridiana Sosa\/Zona Roja. Oaxaca de Ju\u00e1rez, Oax., 19 de julio 2020.- El Congreso de Oaxaca&hellip;<\/p>\n","protected":false},"author":2,"featured_media":15243,"comment_status":"closed","ping_status":"open","sticky":false,"template":"","format":"standard","meta":{"_lmt_disableupdate":"","_lmt_disable":"","_jetpack_memberships_contains_paid_content":false,"footnotes":""},"categories":[109,47],"tags":[1699],"class_list":["post-15242","post","type-post","status-publish","format-standard","has-post-thumbnail","hentry","category-minuto-a-minuto","category-zona-gris","tag-coordinacion-de-comunicacion-social-y-voceria-del-gobierno-del-estado"],"jetpack_featured_media_url":"https:\/\/zonaroja.com.mx\/wp-content\/uploads\/2020\/07\/Francisco-Vallejo.jpg","jetpack_sharing_enabled":true,"_links":{"self":[{"href":"https:\/\/zonaroja.com.mx\/index.php?rest_route=\/wp\/v2\/posts\/15242","targetHints":{"allow":["GET"]}}],"collection":[{"href":"https:\/\/zonaroja.com.mx\/index.php?rest_route=\/wp\/v2\/posts"}],"about":[{"href":"https:\/\/zonaroja.com.mx\/index.php?rest_route=\/wp\/v2\/types\/post"}],"author":[{"embeddable":true,"href":"https:\/\/zonaroja.com.mx\/index.php?rest_route=\/wp\/v2\/users\/2"}],"replies":[{"embeddable":true,"href":"https:\/\/zonaroja.com.mx\/index.php?rest_route=%2Fwp%2Fv2%2Fcomments&post=15242"}],"version-history":[{"count":1,"href":"https:\/\/zonaroja.com.mx\/index.php?rest_route=\/wp\/v2\/posts\/15242\/revisions"}],"predecessor-version":[{"id":15244,"href":"https:\/\/zonaroja.com.mx\/index.php?rest_route=\/wp\/v2\/posts\/15242\/revisions\/15244"}],"wp:featuredmedia":[{"embeddable":true,"href":"https:\/\/zonaroja.com.mx\/index.php?rest_route=\/wp\/v2\/media\/15243"}],"wp:attachment":[{"href":"https:\/\/zonaroja.com.mx\/index.php?rest_route=%2Fwp%2Fv2%2Fmedia&parent=15242"}],"wp:term":[{"taxonomy":"category","embeddable":true,"href":"https:\/\/zonaroja.com.mx\/index.php?rest_route=%2Fwp%2Fv2%2Fcategories&post=15242"},{"taxonomy":"post_tag","embeddable":true,"href":"https:\/\/zonaroja.com.mx\/index.php?rest_route=%2Fwp%2Fv2%2Ftags&post=15242"}],"curies":[{"name":"wp","href":"https:\/\/api.w.org\/{rel}","templated":true}]}}